{"id":12530,"date":"2017-09-18T19:00:45","date_gmt":"2017-09-18T17:00:45","guid":{"rendered":"http:\/\/www.kpddrava.at\/?p=12530"},"modified":"2017-11-03T15:32:22","modified_gmt":"2017-11-03T14:32:22","slug":"srecanje-obcin-gemeindetreffen","status":"publish","type":"post","link":"http:\/\/www.kpddrava.at\/?p=12530","title":{"rendered":"Sre\u010danje ob\u010din &#8211; Gemeindetreffen"},"content":{"rendered":"<p>Zastopniki ob\u010din Suha in Dravograd so se v soboto, 16. septembra sre\u010dali v Hi\u0161i kulture. \u017dupan Gerhard Visotschnig in \u017eupanja Marijana Cigala sta v svojih nagovorih poudarila velik pomen tega \u010dezmejnega sre\u010danja, ki sosede povezuje. Hi\u0161o kulture so vsi gosti zelo pozitivno ocenili. Veliko zanimanje je bilo tudi za razstavo Alberta Mesnerja in posebno razstavo Christine Meklin-Sumnitsch v Hi\u0161i kulture. Glasbeno je sre\u010danje oblikovala Pevsko-instrumentalna skupina pod vodstvom Jasmine Mandl.<\/p>\n<p>Das traditionelle Gemeindetreffen zwischen den Gemeinden Neuhaus\/Suha und Dravograd fand diesmal auch im Kulturhaus Hi\u0161a kulture statt. B\u00fcrgermeister Gerhard Visotschnig und Mag. Marijana Cigala,&nbsp; die B\u00fcrgermeisterin der slowenischen Nachbarsgemeinde Dravograd betonten in ihren Ansprachen die gro\u00dfe Bedeutung grenz\u00fcberschreitender Treffen, die V\u00f6lker verbinden. Viel bewundert wurde die Ausstellung der K\u00fcnstler Albert Mesner und Christine Meklin-Sumnitsch. Musikalisch begleitete das Fest das Ensemble &#8222;PIS&#8220;.<!--more--><\/p>\nngg_shortcode_0_placeholder\n","protected":false},"excerpt":{"rendered":"<p>Zastopniki ob\u010din Suha in Dravograd so se v soboto, 16. septembra sre\u010dali v Hi\u0161i kulture. \u017dupan Gerhard Visotschnig in \u017eupanja Marijana Cigala sta v svojih nagovorih poudarila velik pomen tega \u010dezmejnega sre\u010danja, ki sosede povezuje. Hi\u0161o kulture so vsi gosti zelo pozitivno ocenili. Veliko zanimanje je bilo tudi za razstavo Alberta Mesnerja in posebno razstavo &hellip; <\/p>\n<p class=\"link-more\"><a href=\"http:\/\/www.kpddrava.at\/?p=12530\" class=\"more-link\"><span class=\"screen-reader-text\">\u201eSre\u010danje ob\u010din &#8211; Gemeindetreffen\u201c<\/span> weiterlesen<\/a><\/p>\n","protected":false},"author":4,"featured_media":12603,"comment_status":"closed","ping_status":"closed","sticky":false,"template":"","format":"standard","meta":{"ngg_post_thumbnail":0,"footnotes":""},"categories":[1],"tags":[],"class_list":["post-12530","post","type-post","status-publish","format-standard","has-post-thumbnail","hentry","category-allgemein"],"_links":{"self":[{"href":"http:\/\/www.kpddrava.at\/index.php?rest_route=\/wp\/v2\/posts\/12530","targetHints":{"allow":["GET"]}}],"collection":[{"href":"http:\/\/www.kpddrava.at\/index.php?rest_route=\/wp\/v2\/posts"}],"about":[{"href":"http:\/\/www.kpddrava.at\/index.php?rest_route=\/wp\/v2\/types\/post"}],"author":[{"embeddable":true,"href":"http:\/\/www.kpddrava.at\/index.php?rest_route=\/wp\/v2\/users\/4"}],"replies":[{"embeddable":true,"href":"http:\/\/www.kpddrava.at\/index.php?rest_route=%2Fwp%2Fv2%2Fcomments&post=12530"}],"version-history":[{"count":4,"href":"http:\/\/www.kpddrava.at\/index.php?rest_route=\/wp\/v2\/posts\/12530\/revisions"}],"predecessor-version":[{"id":13062,"href":"http:\/\/www.kpddrava.at\/index.php?rest_route=\/wp\/v2\/posts\/12530\/revisions\/13062"}],"wp:featuredmedia":[{"embeddable":true,"href":"http:\/\/www.kpddrava.at\/index.php?rest_route=\/wp\/v2\/media\/12603"}],"wp:attachment":[{"href":"http:\/\/www.kpddrava.at\/index.php?rest_route=%2Fwp%2Fv2%2Fmedia&parent=12530"}],"wp:term":[{"taxonomy":"category","embeddable":true,"href":"http:\/\/www.kpddrava.at\/index.php?rest_route=%2Fwp%2Fv2%2Fcategories&post=12530"},{"taxonomy":"post_tag","embeddable":true,"href":"http:\/\/www.kpddrava.at\/index.php?rest_route=%2Fwp%2Fv2%2Ftags&post=12530"}],"curies":[{"name":"wp","href":"https:\/\/api.w.org\/{rel}","templated":true}]}}