{"id":12811,"date":"2017-10-25T09:03:33","date_gmt":"2017-10-25T07:03:33","guid":{"rendered":"http:\/\/www.kpddrava.at\/?p=12811"},"modified":"2017-11-03T15:27:17","modified_gmt":"2017-11-03T14:27:17","slug":"spominska-plosca-gedenktafel-fuer-die-ausgesiedelten-des-zweiten-weltkrieges","status":"publish","type":"post","link":"http:\/\/www.kpddrava.at\/?p=12811","title":{"rendered":"Spominska plo\u0161\u010da &#8211; Gedenktafel f\u00fcr die Ausgesiedelten des Zweiten Weltkrieges"},"content":{"rendered":"<p><img loading=\"lazy\" decoding=\"async\" class=\"size-full wp-image-7047 aligncenter\" src=\"http:\/\/karlpoelz.com\/wp-content\/uploads\/2017\/10\/Gedenktafel.jpg\" sizes=\"auto, (max-width: 620px) 100vw, 620px\" srcset=\"http:\/\/karlpoelz.com\/wp-content\/uploads\/2017\/10\/Gedenktafel.jpg 620w, http:\/\/karlpoelz.com\/wp-content\/uploads\/2017\/10\/Gedenktafel-300x192.jpg 300w\" alt=\"Gedenktafel\" width=\"620\" height=\"396\"><a href=\"http:\/\/www.kpddrava.at\/wp-content\/uploads\/2017\/10\/22730219_859758360853494_6075743501805948014_n.jpg\"><img loading=\"lazy\" decoding=\"async\" class=\"alignnone size-medium wp-image-12916\" src=\"http:\/\/www.kpddrava.at\/wp-content\/uploads\/2017\/10\/22730219_859758360853494_6075743501805948014_n-225x300.jpg\" alt=\"\" width=\"225\" height=\"300\" srcset=\"http:\/\/www.kpddrava.at\/wp-content\/uploads\/2017\/10\/22730219_859758360853494_6075743501805948014_n-225x300.jpg 225w, http:\/\/www.kpddrava.at\/wp-content\/uploads\/2017\/10\/22730219_859758360853494_6075743501805948014_n.jpg 720w\" sizes=\"auto, (max-width: 225px) 100vw, 225px\" \/><\/a><\/p>\n<p>Milan je delal za na\u0161 \u010dasopis &#8222;Kaj mene to briga?&#8220; intervju z babico &#8211; odtvoritev spominske plo\u0161\u010de v \u010detrtek ob 18.00 na Suhi\/Neuhaus &#8211; tam dobite tudi na\u0161 \u010dasopis<\/p>\n<p><strong>Interview Milan Logar mit seiner Gro\u00dfmutter Helene Logar 21.10.2017<\/strong><br \/>\n<strong> zum Thema Aussiedelung<\/strong><!--more--><\/p>\n<p><strong>Wie hast Du die Aussiedelung erlebt?<\/strong><\/p>\n<p>Ich war ja noch ein Kind, wir waren in der Schule. Es sind Uniformierte in die Schule nach Neuhaus gekommen in den Unterricht und haben Kinder ausgesucht. Sie haben dann diese Kinder mitgenommen. Keiner hat gewu\u00dft, was mit ihnen passieren wird.<\/p>\n<p><strong>Hast Du Angst gehabt?<\/strong><\/p>\n<p>Ja. Als ich klein war und aus dem Stall gekommen bin, waren M\u00e4nner da, Uniformierte, einmal die Nazis, einmal die Partisanen. Sie haben nur so geschaut, weil wir sind auch schon auf der Liste gestanden. Ein Nachbar von uns war fr\u00fcher bei den Partisanen, und dann bei der Gestapo der Gr\u00f6\u00dfte. Er hat auch unseren Vater verraten. Der Vater war dann in Dachau.<\/p>\n<p><strong>Und wie war das mit den Erwachsenen? Den V\u00e4tern und M\u00fcttern von den Kindern, die wussten, dass sie auf der Liste stehen? Hat sich jemand geweigert oder versteckt oder ist weggelaufen?<\/strong><\/p>\n<p>Eigentlich hat sich keiner versteckt, sie haben sicher alle erwischt.<\/p>\n<p><strong>Was ist mit den H\u00f6fen passiert, mit den H\u00e4usern, wo sie die Familien geholt haben?<\/strong><\/p>\n<p>Die haben Andere bekommen, meistens Verwandte.<\/p>\n<p><strong>Wei\u00dft Du, was dann mit den Leuten passiert ist, wohin sie geschickt worden sind? Haben sie \u00fcberlebt?<\/strong><\/p>\n<p>Das wei\u00df ich nicht, wohin. Es sind viele zur\u00fcckgekommen, nach dem Krieg. Sie haben auch eine kleine Abfertigung bekommen. Man kann ja niemand mehr fragen. Alle sind schon gestorben.<\/p>\n<p><strong>Wie war nochmal die Geschichte von Deinem Onkel und dem Schwein, die du mir einmal erz\u00e4hlt hast?<\/strong><\/p>\n<p>Er ist zu uns auf den Hof gekommen und hat gesagt, wir sollen ihm unser Schwein geben, weil wir schon auf der Liste gestanden sind. Wir haben nicht mit ihm geredet und unser Schwein nicht hergegeben.<\/p>\n<p><strong>Wodurch habt ihr erfahren, dass Ihr auf der Liste steht? Hat das euch jemand gesagt?<\/strong><\/p>\n<p>Wei\u00df ich nicht mehr.<\/p>\n<p><strong>Wie war das damals? Wohin hat man die slowenischsprachigen Menschen gebracht? Nach Slowenien?<\/strong><\/p>\n<p>Nach Deutschland. Mein Vater hat in Dachau slowenische Freunde getroffen , auch Frauen. Sie sind alle gestorben.<\/p>\n<p><strong>Hat er \u00fcberlebt?<\/strong><\/p>\n<p>Ja, er ist zur\u00fcckgekommen.<\/p>\n<p><strong>Wie war das f\u00fcr Dich, als er zur\u00fcckkam? Wie lange war er weg? Hast Du ihn wieder erkannt?<\/strong><\/p>\n<p>Ich war im Stall und da hab ich meinen Vater oben husten geh\u00f6rt, ich habe ihn am Husten erkannt.<br \/>\nDa hab ich gesagt: &#8220; Nobeden hudi\u010d ne ve, kako sem gmajtna ker moj ati domov pri\u0161el&#8220;<br \/>\n( Kein Teufel wei\u00df, wie froh ich bin, da\u00df mein Vater nachhause gekommen ist.)<br \/>\nIn Dachau hat er im Wasser stehen m\u00fcssen. Wie er wiedergekommen ist, hat er schon anders ausgesehen. Er hat dann viel getrunken.<\/p>\n<p><strong>Vor wem hattet ihr mehr Angst? Vor den Partisanen oder vor den Nazis?<\/strong><\/p>\n<p>Vor den Nazis, weil es hat ja keiner Deutsch k\u00f6nnen!<\/p>\n<p>&nbsp;<\/p>\n","protected":false},"excerpt":{"rendered":"<p>Milan je delal za na\u0161 \u010dasopis &#8222;Kaj mene to briga?&#8220; intervju z babico &#8211; odtvoritev spominske plo\u0161\u010de v \u010detrtek ob 18.00 na Suhi\/Neuhaus &#8211; tam dobite tudi na\u0161 \u010dasopis Interview Milan Logar mit seiner Gro\u00dfmutter Helene Logar 21.10.2017 zum Thema Aussiedelung<\/p>\n","protected":false},"author":4,"featured_media":12812,"comment_status":"closed","ping_status":"closed","sticky":false,"template":"","format":"standard","meta":{"ngg_post_thumbnail":0,"footnotes":""},"categories":[1],"tags":[],"class_list":["post-12811","post","type-post","status-publish","format-standard","has-post-thumbnail","hentry","category-allgemein"],"_links":{"self":[{"href":"http:\/\/www.kpddrava.at\/index.php?rest_route=\/wp\/v2\/posts\/12811","targetHints":{"allow":["GET"]}}],"collection":[{"href":"http:\/\/www.kpddrava.at\/index.php?rest_route=\/wp\/v2\/posts"}],"about":[{"href":"http:\/\/www.kpddrava.at\/index.php?rest_route=\/wp\/v2\/types\/post"}],"author":[{"embeddable":true,"href":"http:\/\/www.kpddrava.at\/index.php?rest_route=\/wp\/v2\/users\/4"}],"replies":[{"embeddable":true,"href":"http:\/\/www.kpddrava.at\/index.php?rest_route=%2Fwp%2Fv2%2Fcomments&post=12811"}],"version-history":[{"count":5,"href":"http:\/\/www.kpddrava.at\/index.php?rest_route=\/wp\/v2\/posts\/12811\/revisions"}],"predecessor-version":[{"id":21284,"href":"http:\/\/www.kpddrava.at\/index.php?rest_route=\/wp\/v2\/posts\/12811\/revisions\/21284"}],"wp:featuredmedia":[{"embeddable":true,"href":"http:\/\/www.kpddrava.at\/index.php?rest_route=\/wp\/v2\/media\/12812"}],"wp:attachment":[{"href":"http:\/\/www.kpddrava.at\/index.php?rest_route=%2Fwp%2Fv2%2Fmedia&parent=12811"}],"wp:term":[{"taxonomy":"category","embeddable":true,"href":"http:\/\/www.kpddrava.at\/index.php?rest_route=%2Fwp%2Fv2%2Fcategories&post=12811"},{"taxonomy":"post_tag","embeddable":true,"href":"http:\/\/www.kpddrava.at\/index.php?rest_route=%2Fwp%2Fv2%2Ftags&post=12811"}],"curies":[{"name":"wp","href":"https:\/\/api.w.org\/{rel}","templated":true}]}}