{"id":12823,"date":"2017-10-22T13:20:21","date_gmt":"2017-10-22T11:20:21","guid":{"rendered":"http:\/\/www.kpddrava.at\/?p=12823"},"modified":"2017-11-03T15:28:06","modified_gmt":"2017-11-03T14:28:06","slug":"nova-cd-okteta-suha-neue-cd-des-oktet-suha","status":"publish","type":"post","link":"http:\/\/www.kpddrava.at\/?p=12823","title":{"rendered":"Nova CD Okteta Suha &#8211; Neue CD des Oktet Suha. Koncert 4. 11. 2017, 19.30h, Suha"},"content":{"rendered":"<p><!--more-->Ob raznih prilikah in potrebah, festivalih, obletnicah ali turnejah so nastale nove kompozicije in priredbe. Predstavljali so jih \u00e1 capella ali ob spremljavi odli\u010dnih glasbenikov kot so Roman Pechmann (akordeon), Christian Filipi\u010d (flavta) ali Eduard Ora\u017ee (klavir). \u00bbVsaka skladba pripoveduje del oktetove zgodovine\u00ab, je pevec in organizator Jokej Logar ponosen na delni rezultat skupnega umetni\u0161kega prizadevanja.<br \/>\nSkladbe se naslanjajo na ljudske motive ali na besedila slovenskih besednih ustvarjalcev kot Milka Hartman, Anita Hudl, Simon Jenko ali France Pre\u0161eren. Edina nem\u0161ka sodi med najvje\u010dje uspe\u0161nice \u017eal \u017ee pokojnega, a nepozabnega Roger Cicero. Skupno z zgo\u0161\u010denko bo zalo\u017een notni zvezek z besedili in prevodi, ki bo na voljo zainteresiranim pevcem in zborovodjem. Prezentacija bo za\u010detek novembra na Suhi.<\/p>\n<p>Die neue, bereits zw\u00f6lfte CD des Oktet Suha mit dem Titel \u00bbEDicija_017\u00ab ist das (Teil-)Ergebnis einer mehr als 10-j\u00e4hrigen intensiven Zusammenarbeit des Oktet Suha mit seinem k\u00fcnstlerischen Leiter Edi Ora\u017ee. Die Kompositionen und Bearbeitungen Ora\u017ees entstanden zu verschiedenen Anl\u00e4ssen, Festivals, Jubil\u00e4en oder Konzerttourneen und wurden \u00e1 capella oder mit hervorragender Musikbegleitung von Roman Pechmann (Akkordeon), Christian Filipi\u010d (Fl\u00f6te) oder Eduard Ora\u017ee (Klavier) pr\u00e4sentiert. \u201eJedes der neun Lieder erz\u00e4hlt ein St\u00fcck Oktett-Geschichte\u201c, ist S\u00e4nger und Manager Jokej Logar sichtlich stolz auf das Produkt jahrelanger k\u00fcnstlerischer Arbeit.<br \/>\nDie Kompositionen bedienen sich verschiedener Volksliedmotive oder sind Vertonungen von Texten slowenischer Autoren wie Milka Hartman, Anita Hudl, Simon Jenko und sogar des slowenischen Nationaldichters France Pre\u0161eren. Das einzige deutschsprachige Lied ist ein Hit des leider zu fr\u00fch verstorbenen, aber unvergesslichen Roger Cicero. Begleitend zur CD wird ein Liederheft aufgelegt, dass interessierten S\u00e4ngerInnen und ChorleiterInnen zur Verf\u00fcgung stehen soll.<\/p>\n<p>Die Pr\u00e4sentation findet am 4.&nbsp; November in Neuhaus\/Suha statt.<br \/>\nCD Oktet Suha | Edicija_017 samt Notenheft Pr\u00e4sentation:<\/p>\n<p><span style=\"font-size: 14pt;\"><strong>Samstag, 4. November 2017 um 19:30 Uhr im Mehrzwecksaal der VS Neuhaus\/Suha<\/strong><\/span><\/p>\n<p><strong>S\u00e4nger des Oktet Suha | pevci Okteta Suha so:<\/strong><br \/>\n<strong>1. tenor\/Tenor Pepej Krop, G\u00fcnter Weratschnig<\/strong><br \/>\n<strong>2. tenor\/Tenor Jokej Logar, Pavel Olip<\/strong><br \/>\n<strong>1. bas\/Bass Lenart Katz, Franc Opetnik<\/strong><br \/>\n<strong>2. bas\/Bass Branko Kolter, Sigi Kolter<\/strong><\/p>\n<p>Umetni\u0161ki vodja | k\u00fcnstlerischer Leiter Eduard Ora\u017ee<br \/>\nPosnetki | Aufnahmen Studio VOXON | Non\u010da vas\/Einersdorf 2017<br \/>\nVodja snemanja &amp; tonski mojster Danilo Katz<br \/>\nArtwork G\u00fcnter Weratschnig<\/p>\n","protected":false},"excerpt":{"rendered":"","protected":false},"author":4,"featured_media":12913,"comment_status":"closed","ping_status":"closed","sticky":false,"template":"","format":"standard","meta":{"ngg_post_thumbnail":0,"footnotes":""},"categories":[1],"tags":[],"class_list":["post-12823","post","type-post","status-publish","format-standard","has-post-thumbnail","hentry","category-allgemein"],"_links":{"self":[{"href":"http:\/\/www.kpddrava.at\/index.php?rest_route=\/wp\/v2\/posts\/12823","targetHints":{"allow":["GET"]}}],"collection":[{"href":"http:\/\/www.kpddrava.at\/index.php?rest_route=\/wp\/v2\/posts"}],"about":[{"href":"http:\/\/www.kpddrava.at\/index.php?rest_route=\/wp\/v2\/types\/post"}],"author":[{"embeddable":true,"href":"http:\/\/www.kpddrava.at\/index.php?rest_route=\/wp\/v2\/users\/4"}],"replies":[{"embeddable":true,"href":"http:\/\/www.kpddrava.at\/index.php?rest_route=%2Fwp%2Fv2%2Fcomments&post=12823"}],"version-history":[{"count":5,"href":"http:\/\/www.kpddrava.at\/index.php?rest_route=\/wp\/v2\/posts\/12823\/revisions"}],"predecessor-version":[{"id":13058,"href":"http:\/\/www.kpddrava.at\/index.php?rest_route=\/wp\/v2\/posts\/12823\/revisions\/13058"}],"wp:featuredmedia":[{"embeddable":true,"href":"http:\/\/www.kpddrava.at\/index.php?rest_route=\/wp\/v2\/media\/12913"}],"wp:attachment":[{"href":"http:\/\/www.kpddrava.at\/index.php?rest_route=%2Fwp%2Fv2%2Fmedia&parent=12823"}],"wp:term":[{"taxonomy":"category","embeddable":true,"href":"http:\/\/www.kpddrava.at\/index.php?rest_route=%2Fwp%2Fv2%2Fcategories&post=12823"},{"taxonomy":"post_tag","embeddable":true,"href":"http:\/\/www.kpddrava.at\/index.php?rest_route=%2Fwp%2Fv2%2Ftags&post=12823"}],"curies":[{"name":"wp","href":"https:\/\/api.w.org\/{rel}","templated":true}]}}