{"id":16079,"date":"2018-10-20T13:44:25","date_gmt":"2018-10-20T11:44:25","guid":{"rendered":"http:\/\/www.kpddrava.at\/?p=16079"},"modified":"2018-10-20T21:17:58","modified_gmt":"2018-10-20T19:17:58","slug":"pevsko-instrumentalna-skpina-na-vernisazu-christine-meklin-sumnitsch-pazzo","status":"publish","type":"post","link":"http:\/\/www.kpddrava.at\/?p=16079","title":{"rendered":"Pevsko-instrumentalna skupina na vernisa\u017eu Christine Meklin-Sumnitsch &#8211; PAZZO"},"content":{"rendered":"<p>Govor\/Ansprache: Klara Logar in Timna Katz &#8211; slike<\/p>\n<p><!--more--><\/p>\nngg_shortcode_0_placeholder\n<p>&nbsp;<\/p>\n<p>Vernisa\u017e Christine Meklin Sumnitsch Pazzo 19.10.2018<\/p>\n<p>Klara<\/p>\n<p>Pozdravljeni prijatelji\/-ice in sorodniki umetnice Kristine Meklin \u2013 Sumnitsch!<\/p>\n<p>Dana\u0161nja razstava ima naslov Fenster\/ okna. Kaj pomeni za dana\u0161njega \u010dloveka okno. Po tem kak\u0161no funkcijo ima, lahko njen pomen pojmujemo iz ve\u010d zornih kotov. Po eni strani je \u010dlovek zmo\u017een, da si potom okna priklji\u010de svetlobo v svoje stanovanje, po drugi strani ima skozi okno mo\u017enost opazovati kaj se dogaja zunaj njegovega stanovanja, v tretje pa lahko \u010dlovek od zunaj opazuje kaj se dogaja za oknom gotovega&nbsp; stanovanja.<\/p>\n<p>Timna<\/p>\n<p>No v \u010detrto so pa spoznali tudi Butalci, ko so v hi\u0161e pozabili vgraditi tudi okna, da brez okenj ni svetlobe in tudi ni pogleda navzven in ne navznoter . Predvsem pa tisti , ki radi potujejo, imajo v busih, v vlakih in v letalih tudi mo\u017enost, da skozi okna opazujejo okolje in prelepo naravo preko katere pogosto prehitro drvijo mimo. Na \u017ealost pa nam mnogokrat tudi&nbsp; protihrupni zidovi prepre\u010dujejo opazovanje okolja.<\/p>\n<p>Klara<\/p>\n<p>Guten Abend, liebe Freunde und Verwandte der K\u00fcnstlerin Christine Meklin-Sumnitsch und somit, hoffe ich, auch der Kunst.<\/p>\n<p>Ich begr\u00fc\u00dfe sie herzlich zur Ausstellung, die von Christine den Titel \u201eFenster-okna\u201c bekam. Da ich weder Sach- noch Fachverst\u00e4ndige bin, m\u00f6chte ich sie nicht mit philosophischen Deutungen der ausgestellten Werke langweilen, in denen unsere K\u00fcnstlerin dann mit Schrecken nichts davon wiedererkennt, was sie einst bewogen hat, ihr Werk zu schaffen und was sie damit zum Ausdruck bringen wollt.<\/p>\n<p>Timna<\/p>\n<p>Die Zutaten dieser Ausstellung sind klar zu erkennen: Da gibt es alte Fensterrahmen \u2013 vielleicht vom Krivograd oder Zwick und anstelle des zerbrochenen Glases pr\u00e4sentiert uns Christine offensichtlich bunte Landschaften, Wege in die Ein\u00f6de, Wege \u00fcber Wiesen und Felder auf denen Silhoutten von Menschen auftauchen \u2013 teils einzeln, teils in Gruppen und in ganz bunten Farben. Die Werke zeugen von sch\u00f6pferischer Freude und erlauben viele Interpretationen so wie man \u00fcber jedes Fenster Romane schreiben k\u00f6nnte. Fenster \u00f6ffnen den Blick zum Nachbarn, zur Blumenwiese oder zum Wald. Man kann den Blick aber auch von au\u00dfen nach innen richten \u2013 in R\u00e4ume, wo Menschen miteinander leben oder einfach Gegenst\u00e4nde aufgestellt sind.<\/p>\n<p>Klara<\/p>\n<p>Da je pa umetnica v okviru starih, spet uporabljivih starih okenj, vedno spet opremila svoje umetnine s \u010dlove\u0161kimi postavami, je po vsej verjetnosti povezano z njenim u\u010diteljskim poklicem. Saj ima dan za dnem in vedno znova opravka z ljudmi, tako z mladoletniki, \u0161olarji, kot tudi z odraslimi, namre\u010d s star\u0161i \u0161olarjev. Tako ni le poklicno soo\u010dena z ljudmi, ampak se to dejstvo izra\u017ea tudi v njenih umetninah.<\/p>\n<p>Timna<\/p>\n<p>Nocoj\u0161nja razstava Kristine je sedma lastna. Vrhu tega pa je \u017ee sodelovala na desetih skupinskih razstavah in ima v Hi\u0161i Kulture v \u017dvabeku&nbsp; svojo lastno trajno razstavo. O\u010dividno pa njen mo\u017e Alfred pripravlja zanjo&nbsp; na podstre\u0161ju atelier, kjer se bo umetnica&nbsp; \u0161e v nadalje vestno, kot doslej, posve\u010dala&nbsp; svoji umetni\u0161ki sposobnosti.Hvala lepa za pozornost!<\/p>\n<p>Klara<\/p>\n<p>Gesch\u00e4tzte Damen und Herren!<\/p>\n<p>Ich denke, dass es hier an diesem Ort einfach nicht notwendig ist, das reiche Schaffen von Christine vorzustellen. Aber eines m\u00f6chte ich doch hervorheben. Ich konnte mit ihr im Rahmen des Kulturvereines Drava zahlreiche tolle Kunstprojekte umsetzen, wobei ich viele Techniken des Malens und Gestaltens erlernen konnte. Dies hat dazu gef\u00fchrt, dass ich selbst Lust zum sch\u00f6pferischen Gestalten versp\u00fcrte. So ist es vielen jungen Menschen ergangen.<\/p>\n<p>Timna<\/p>\n<p>Hier im Caffee Pazzo sehen sie die siebente Einzelausstellung von Christine Meklin-Sumnitsch, bisher hat sie au\u00dferdem bei 10 Gruppenausstellungen mitgewirkt und hat im Kulturhaus Hi\u0161a kulture in Schwabegg\/\u017dvabek eine Dauerausstellung. Ich habe geh\u00f6rt, dass ihr Ehemann Alfred, der sie zu allen Ausstellungen begleitet und ihre Bilder mit Wasserwaage und Zollstab pefekt an die Ausstellungsfl\u00e4chen montiert, zu Hause mit dem Ausbau des Dachbodens begonnen hat. Wir alle vermuten, dass er dort f\u00fcr seine Christine ein Atelier oder dergleichen errichten wird.<\/p>\n<p>Danke f\u00fcr die Aufmerksamkeit!<\/p>\n","protected":false},"excerpt":{"rendered":"<p>Govor\/Ansprache: Klara Logar in Timna Katz &#8211; slike<\/p>\n","protected":false},"author":4,"featured_media":16080,"comment_status":"closed","ping_status":"closed","sticky":false,"template":"","format":"standard","meta":{"ngg_post_thumbnail":0,"footnotes":""},"categories":[1],"tags":[],"class_list":["post-16079","post","type-post","status-publish","format-standard","has-post-thumbnail","hentry","category-allgemein"],"_links":{"self":[{"href":"http:\/\/www.kpddrava.at\/index.php?rest_route=\/wp\/v2\/posts\/16079","targetHints":{"allow":["GET"]}}],"collection":[{"href":"http:\/\/www.kpddrava.at\/index.php?rest_route=\/wp\/v2\/posts"}],"about":[{"href":"http:\/\/www.kpddrava.at\/index.php?rest_route=\/wp\/v2\/types\/post"}],"author":[{"embeddable":true,"href":"http:\/\/www.kpddrava.at\/index.php?rest_route=\/wp\/v2\/users\/4"}],"replies":[{"embeddable":true,"href":"http:\/\/www.kpddrava.at\/index.php?rest_route=%2Fwp%2Fv2%2Fcomments&post=16079"}],"version-history":[{"count":6,"href":"http:\/\/www.kpddrava.at\/index.php?rest_route=\/wp\/v2\/posts\/16079\/revisions"}],"predecessor-version":[{"id":16120,"href":"http:\/\/www.kpddrava.at\/index.php?rest_route=\/wp\/v2\/posts\/16079\/revisions\/16120"}],"wp:featuredmedia":[{"embeddable":true,"href":"http:\/\/www.kpddrava.at\/index.php?rest_route=\/wp\/v2\/media\/16080"}],"wp:attachment":[{"href":"http:\/\/www.kpddrava.at\/index.php?rest_route=%2Fwp%2Fv2%2Fmedia&parent=16079"}],"wp:term":[{"taxonomy":"category","embeddable":true,"href":"http:\/\/www.kpddrava.at\/index.php?rest_route=%2Fwp%2Fv2%2Fcategories&post=16079"},{"taxonomy":"post_tag","embeddable":true,"href":"http:\/\/www.kpddrava.at\/index.php?rest_route=%2Fwp%2Fv2%2Ftags&post=16079"}],"curies":[{"name":"wp","href":"https:\/\/api.w.org\/{rel}","templated":true}]}}