{"id":16576,"date":"2019-03-11T11:37:02","date_gmt":"2019-03-11T10:37:02","guid":{"rendered":"http:\/\/www.kpddrava.at\/?p=16576"},"modified":"2019-03-11T11:38:21","modified_gmt":"2019-03-11T10:38:21","slug":"okjtet-suha-v-ljubljani-in-od-pliberka-do-traberka-v-kulturnem-domu","status":"publish","type":"post","link":"http:\/\/www.kpddrava.at\/?p=16576","title":{"rendered":"Oktet Suha v Ljubljani in &#8222;Od Pliberka do Traberka&#8220; v Kulturnem domu"},"content":{"rendered":"<p>www.oktet-suha.at<\/p>\n<p>V Cankarjevem domu v Ljubljani je 9. marca potekalo veliko slavje ob 30. obletnici stranke SDS. Med \u010dastnimi govorinki sta bila predsednik Janez Jan\u0161a in predsednika EVP, Manfred Weber. Oktet Suha je &#8211; v dru\u017ebi drugih slovenskih glasbenikov kot Oto Pestner, Ana De\u017eman ali Cita Gali\u010d glasbeno predstavil avstrijsko Koro\u0161ko in zamejstvo in po\u017eel bu\u010den aplavz od pribli\u017eno 800 delegatov.<\/p>\n<h2>OD PLIBERKA DO TRABERKA<\/h2>\n<p>52. pevska revija Od Pliberka do Traberka je v Pliberku tudi letos privabila kar lepo \u0161tevilo poslu\u0161alcev v Kulturni dom Pliberk.<br \/>\nSvojo glasbeno spretnost so pokazali \u017dePZ Koro\u0161ice, DU Ravne, pomlajeni Koro\u0161ki oktet, \u017deVS Deteljca Ravne, doma\u010di MoPZ Foltej Hartman Pliberk, MePZ Jakob Petelin Gallus iz Celovca ter Oktet Suha, ki je komaj pravo\u010dasno prispel iz Ljubljane na pliber\u0161ki oder. Bil je krasen pevski ve\u010der. Publika je bila do konca navdu\u0161ena.<\/p>\n<p><a href=\"http:\/\/www.kpddrava.at\/wp-content\/uploads\/2019\/03\/1.jpg\"><img loading=\"lazy\" decoding=\"async\" class=\"alignnone size-full wp-image-16578\" src=\"http:\/\/www.kpddrava.at\/wp-content\/uploads\/2019\/03\/1.jpg\" alt=\"\" width=\"1914\" height=\"1262\" srcset=\"http:\/\/www.kpddrava.at\/wp-content\/uploads\/2019\/03\/1.jpg 1914w, http:\/\/www.kpddrava.at\/wp-content\/uploads\/2019\/03\/1-300x198.jpg 300w, http:\/\/www.kpddrava.at\/wp-content\/uploads\/2019\/03\/1-768x506.jpg 768w, http:\/\/www.kpddrava.at\/wp-content\/uploads\/2019\/03\/1-1024x675.jpg 1024w\" sizes=\"auto, (max-width: 767px) 89vw, (max-width: 1000px) 54vw, (max-width: 1071px) 543px, 580px\" \/><\/a><\/p>\n<p>&nbsp;<\/p>\n","protected":false},"excerpt":{"rendered":"<p>www.oktet-suha.at V Cankarjevem domu v Ljubljani je 9. marca potekalo veliko slavje ob 30. obletnici stranke SDS. Med \u010dastnimi govorinki sta bila predsednik Janez Jan\u0161a in predsednika EVP, Manfred Weber. Oktet Suha je &#8211; v dru\u017ebi drugih slovenskih glasbenikov kot Oto Pestner, Ana De\u017eman ali Cita Gali\u010d glasbeno predstavil avstrijsko Koro\u0161ko in zamejstvo in po\u017eel &hellip; <\/p>\n<p class=\"link-more\"><a href=\"http:\/\/www.kpddrava.at\/?p=16576\" class=\"more-link\"><span class=\"screen-reader-text\">\u201eOktet Suha v Ljubljani in &#8222;Od Pliberka do Traberka&#8220; v Kulturnem domu\u201c<\/span> weiterlesen<\/a><\/p>\n","protected":false},"author":4,"featured_media":16577,"comment_status":"closed","ping_status":"closed","sticky":false,"template":"","format":"standard","meta":{"ngg_post_thumbnail":0,"footnotes":""},"categories":[1],"tags":[],"class_list":["post-16576","post","type-post","status-publish","format-standard","has-post-thumbnail","hentry","category-allgemein"],"_links":{"self":[{"href":"http:\/\/www.kpddrava.at\/index.php?rest_route=\/wp\/v2\/posts\/16576","targetHints":{"allow":["GET"]}}],"collection":[{"href":"http:\/\/www.kpddrava.at\/index.php?rest_route=\/wp\/v2\/posts"}],"about":[{"href":"http:\/\/www.kpddrava.at\/index.php?rest_route=\/wp\/v2\/types\/post"}],"author":[{"embeddable":true,"href":"http:\/\/www.kpddrava.at\/index.php?rest_route=\/wp\/v2\/users\/4"}],"replies":[{"embeddable":true,"href":"http:\/\/www.kpddrava.at\/index.php?rest_route=%2Fwp%2Fv2%2Fcomments&post=16576"}],"version-history":[{"count":2,"href":"http:\/\/www.kpddrava.at\/index.php?rest_route=\/wp\/v2\/posts\/16576\/revisions"}],"predecessor-version":[{"id":16581,"href":"http:\/\/www.kpddrava.at\/index.php?rest_route=\/wp\/v2\/posts\/16576\/revisions\/16581"}],"wp:featuredmedia":[{"embeddable":true,"href":"http:\/\/www.kpddrava.at\/index.php?rest_route=\/wp\/v2\/media\/16577"}],"wp:attachment":[{"href":"http:\/\/www.kpddrava.at\/index.php?rest_route=%2Fwp%2Fv2%2Fmedia&parent=16576"}],"wp:term":[{"taxonomy":"category","embeddable":true,"href":"http:\/\/www.kpddrava.at\/index.php?rest_route=%2Fwp%2Fv2%2Fcategories&post=16576"},{"taxonomy":"post_tag","embeddable":true,"href":"http:\/\/www.kpddrava.at\/index.php?rest_route=%2Fwp%2Fv2%2Ftags&post=16576"}],"curies":[{"name":"wp","href":"https:\/\/api.w.org\/{rel}","templated":true}]}}