{"id":16663,"date":"2019-03-29T10:53:49","date_gmt":"2019-03-29T09:53:49","guid":{"rendered":"http:\/\/www.kpddrava.at\/?p=16663"},"modified":"2019-03-31T11:44:32","modified_gmt":"2019-03-31T09:44:32","slug":"16663","status":"publish","type":"post","link":"http:\/\/www.kpddrava.at\/?p=16663","title":{"rendered":"Odprtje razstave: Albert Krajger"},"content":{"rendered":"<p>Albert Krajger razstavlja svoje slike v Hi\u0161i kulture. Odprtje razstave v \u010detrtek je obiskovalo veliko prijateljev umetnika. Umetnika sta predstavili Klara Logar in Timna Katz, Pevsko-instrumentalna skupina KPD Drava pa je pod vodstvom Vere Sadjak poskrbela za odli\u010den glasbeni okvir vernisa\u017ee.<\/p>\n<p>Der K\u00fcnstler Albert Krajger aus St. Michael ob Bleiburg zeigt im Haus der Kultur\/Hi\u0161a kulture in Schwabegg seine Arbeiten. Am Donnerstag wurde unter dem Titel \u201eRaznolikost\/Vielfalt \u2013 Akt und Abstrakt\u201c zur Vernissage geladen. Krajger stellt im Kulturhaus 33 Kunstwerke und neun Skulpturen aus unterschiedlichen Materialien aus. Der vielseitigen K\u00fcnstler und Musiker stellten Klara Logar und Timna Katz vor. Bei der sehr gut besuchten Ausstellung, die Leonhard Katz, der Obmann des Kulturvereines Drava er\u00f6ffnete, waren zahlreiche Pers\u00f6nlichkeiten anwesend. Darunter Pfarrprovisor Michael Golav\u010dnik, Vizeb\u00fcrgermeister Vladimir Smrtnik, Kulturstadtrat Markus Trampusch, die K\u00fcnstler Helmut Bla\u017eej, Gita Wandl, Stanko Sadjak, Herlinde Sander, Albert Mesner, Manfred Samitsch, Monika Pirker-Perdacher, Fritz Pototschnig und Helene Wernig, der Unternehmer Stefan Sin\u010dnik, Pensionistenobmann Jo\u0161ko Hudl, der Musiker und Komponist Bertl Lipusch, Prokurist Alfred Meklin, Bankdirektor i. R. Rudi Kontschitsch, \u2026Musikalisch umrahmt wurde die Er\u00f6ffnung vom Chor \u201ePevsko-instrumentalns skupina\u201c unter der Leitung von Vera Sadjak. Die Ausstellung l\u00e4uft bis Mitte Mai. Infos unter: 0664 75 073 741 (Albert Krajger)<\/p>\n<p>Slike\/Fotos<\/p>\n<p><!--more--><\/p>\nngg_shortcode_0_placeholder\n","protected":false},"excerpt":{"rendered":"<p>Albert Krajger razstavlja svoje slike v Hi\u0161i kulture. Odprtje razstave v \u010detrtek je obiskovalo veliko prijateljev umetnika. Umetnika sta predstavili Klara Logar in Timna Katz, Pevsko-instrumentalna skupina KPD Drava pa je pod vodstvom Vere Sadjak poskrbela za odli\u010den glasbeni okvir vernisa\u017ee. Der K\u00fcnstler Albert Krajger aus St. Michael ob Bleiburg zeigt im Haus der Kultur\/Hi\u0161a &hellip; <\/p>\n<p class=\"link-more\"><a href=\"http:\/\/www.kpddrava.at\/?p=16663\" class=\"more-link\"><span class=\"screen-reader-text\">\u201eOdprtje razstave: Albert Krajger\u201c<\/span> weiterlesen<\/a><\/p>\n","protected":false},"author":4,"featured_media":16664,"comment_status":"closed","ping_status":"closed","sticky":false,"template":"","format":"standard","meta":{"ngg_post_thumbnail":0,"footnotes":""},"categories":[1],"tags":[],"class_list":["post-16663","post","type-post","status-publish","format-standard","has-post-thumbnail","hentry","category-allgemein"],"_links":{"self":[{"href":"http:\/\/www.kpddrava.at\/index.php?rest_route=\/wp\/v2\/posts\/16663","targetHints":{"allow":["GET"]}}],"collection":[{"href":"http:\/\/www.kpddrava.at\/index.php?rest_route=\/wp\/v2\/posts"}],"about":[{"href":"http:\/\/www.kpddrava.at\/index.php?rest_route=\/wp\/v2\/types\/post"}],"author":[{"embeddable":true,"href":"http:\/\/www.kpddrava.at\/index.php?rest_route=\/wp\/v2\/users\/4"}],"replies":[{"embeddable":true,"href":"http:\/\/www.kpddrava.at\/index.php?rest_route=%2Fwp%2Fv2%2Fcomments&post=16663"}],"version-history":[{"count":8,"href":"http:\/\/www.kpddrava.at\/index.php?rest_route=\/wp\/v2\/posts\/16663\/revisions"}],"predecessor-version":[{"id":16739,"href":"http:\/\/www.kpddrava.at\/index.php?rest_route=\/wp\/v2\/posts\/16663\/revisions\/16739"}],"wp:featuredmedia":[{"embeddable":true,"href":"http:\/\/www.kpddrava.at\/index.php?rest_route=\/wp\/v2\/media\/16664"}],"wp:attachment":[{"href":"http:\/\/www.kpddrava.at\/index.php?rest_route=%2Fwp%2Fv2%2Fmedia&parent=16663"}],"wp:term":[{"taxonomy":"category","embeddable":true,"href":"http:\/\/www.kpddrava.at\/index.php?rest_route=%2Fwp%2Fv2%2Fcategories&post=16663"},{"taxonomy":"post_tag","embeddable":true,"href":"http:\/\/www.kpddrava.at\/index.php?rest_route=%2Fwp%2Fv2%2Ftags&post=16663"}],"curies":[{"name":"wp","href":"https:\/\/api.w.org\/{rel}","templated":true}]}}