{"id":16913,"date":"2019-06-17T21:48:20","date_gmt":"2019-06-17T19:48:20","guid":{"rendered":"http:\/\/www.kpddrava.at\/?p=16913"},"modified":"2019-06-30T23:56:16","modified_gmt":"2019-06-30T21:56:16","slug":"27-festival-suha-na-suskem-gradu-auf-schloss-neuhaus","status":"publish","type":"post","link":"http:\/\/www.kpddrava.at\/?p=16913","title":{"rendered":"27. Festival Suha na su\u0161kem gradu\/auf Schloss Neuhaus"},"content":{"rendered":"<p><strong>Ein Jubil\u00e4ums-Festival mit sensationeller k\u00fcnstlerischer Beteiligung<\/strong> erwartete die Besucher des diesj\u00e4hrigen 27. internationalen Festival Suha \u201919 auf Schloss Neuhaus und in Dravograd am 14. und 15. Juni 2019.&nbsp; 20 Jahre hervorragende und professionelle grenz\u00fcberschreitende Zusammenarbeit mit Dravograd in Slowenien sowie musikalische G\u00e4ste, diesmal aus \u00d6sterreich, Slowenien und erstmals aus dem Baltikum!<\/p>\n<p><strong>Jubilejni festival s senzacionalno udele\u017ebo skupin<\/strong> je bil letos 27. mednarodni Festival Suha \u201919 v Dravogradu in na su\u0161kem gradu. 20-letno odli\u010dno in profesionalno \u010dezmejno sodelovanje z Dravogradom smo nadgradili glasbeni gostje iz Avstrije, Slovenije in \u2013 letos prvi\u010d \u2013 iz Baltika!<\/p>\n<h2>SENZACIONALNI JUBILEJNI FESTIVAL<\/h2>\n<p>Obiskovalci leto\u0161njega 27. mednarodnega Festivala Suha\u201919 v Dravogradu in na su\u0161kem gradu so u\u017eivali odli\u010dno vokalno glasbo v enkratnem ambientu. Povrhu se festival, katerega Oktet Suha kot glavni organizator prireja v sodelovanju z ob\u010dinama Suha in Dravograd, z doma\u010dim dru\u0161tvom KPD Drava in Kr\u0161\u010dansko kulturno zvezo, lahko pohvali z 20-letnim odli\u010dnim in profesionalnim \u010dezmejnim sodelovanjem z Dravogradom.<\/p>\n<p>Glasbeni gostje so tokrat pri\u0161li iz Avstrije \u2013 Gesangskapelle Hermann iz Dunaja, Slovenije \u2013 \u017dVS Lipa iz Litije in letos prvi\u010d iz Baltika: Latvian Voices. V Dravogradu so bili \u0161e posebno po\u010da\u0161\u010deni nekdanji pobudniki in nosilci \u010dezmejne zamisli.<\/p>\n<p>Med odli\u010dnimi gosti so bili slavna mezzo-sopranistka Bernarda Fink-Inzko, Visoki predstavnik v BiH in predsednik NSKS Valentin Inzko, Generalni konzul Milan Predan, de\u017eelni poslanec Christian Benger, \u017eupana Marijana Cigala in Gerhard Visotschnig, podjetnik Franz Mlinar, direktorja Mohorjeve Karl Hren in Franc Kelih, Zalka Kelih-Olip za KKZ, umetnika Rudi Benetik in Helmut Bla\u017eej ter de\u017eelni kulturni nagrajenec Engelbert Logar. Prof. Mag. Jokej Logar<\/p>\n<p>Vse slike\/Alle Fotos<\/p>\n<p><!--more--><\/p>\nngg_shortcode_0_placeholder\nngg_shortcode_1_placeholder\n","protected":false},"excerpt":{"rendered":"<p>Ein Jubil\u00e4ums-Festival mit sensationeller k\u00fcnstlerischer Beteiligung erwartete die Besucher des diesj\u00e4hrigen 27. internationalen Festival Suha \u201919 auf Schloss Neuhaus und in Dravograd am 14. und 15. Juni 2019.&nbsp; 20 Jahre hervorragende und professionelle grenz\u00fcberschreitende Zusammenarbeit mit Dravograd in Slowenien sowie musikalische G\u00e4ste, diesmal aus \u00d6sterreich, Slowenien und erstmals aus dem Baltikum! Jubilejni festival s senzacionalno &hellip; <\/p>\n<p class=\"link-more\"><a href=\"http:\/\/www.kpddrava.at\/?p=16913\" class=\"more-link\"><span class=\"screen-reader-text\">\u201e27. Festival Suha na su\u0161kem gradu\/auf Schloss Neuhaus\u201c<\/span> weiterlesen<\/a><\/p>\n","protected":false},"author":4,"featured_media":16914,"comment_status":"closed","ping_status":"closed","sticky":false,"template":"","format":"standard","meta":{"ngg_post_thumbnail":0,"footnotes":""},"categories":[1],"tags":[],"class_list":["post-16913","post","type-post","status-publish","format-standard","has-post-thumbnail","hentry","category-allgemein"],"_links":{"self":[{"href":"http:\/\/www.kpddrava.at\/index.php?rest_route=\/wp\/v2\/posts\/16913","targetHints":{"allow":["GET"]}}],"collection":[{"href":"http:\/\/www.kpddrava.at\/index.php?rest_route=\/wp\/v2\/posts"}],"about":[{"href":"http:\/\/www.kpddrava.at\/index.php?rest_route=\/wp\/v2\/types\/post"}],"author":[{"embeddable":true,"href":"http:\/\/www.kpddrava.at\/index.php?rest_route=\/wp\/v2\/users\/4"}],"replies":[{"embeddable":true,"href":"http:\/\/www.kpddrava.at\/index.php?rest_route=%2Fwp%2Fv2%2Fcomments&post=16913"}],"version-history":[{"count":4,"href":"http:\/\/www.kpddrava.at\/index.php?rest_route=\/wp\/v2\/posts\/16913\/revisions"}],"predecessor-version":[{"id":17085,"href":"http:\/\/www.kpddrava.at\/index.php?rest_route=\/wp\/v2\/posts\/16913\/revisions\/17085"}],"wp:featuredmedia":[{"embeddable":true,"href":"http:\/\/www.kpddrava.at\/index.php?rest_route=\/wp\/v2\/media\/16914"}],"wp:attachment":[{"href":"http:\/\/www.kpddrava.at\/index.php?rest_route=%2Fwp%2Fv2%2Fmedia&parent=16913"}],"wp:term":[{"taxonomy":"category","embeddable":true,"href":"http:\/\/www.kpddrava.at\/index.php?rest_route=%2Fwp%2Fv2%2Fcategories&post=16913"},{"taxonomy":"post_tag","embeddable":true,"href":"http:\/\/www.kpddrava.at\/index.php?rest_route=%2Fwp%2Fv2%2Ftags&post=16913"}],"curies":[{"name":"wp","href":"https:\/\/api.w.org\/{rel}","templated":true}]}}