{"id":17450,"date":"2019-09-26T16:45:06","date_gmt":"2019-09-26T14:45:06","guid":{"rendered":"http:\/\/www.kpddrava.at\/?p=17450"},"modified":"2019-09-26T16:50:28","modified_gmt":"2019-09-26T14:50:28","slug":"17450","status":"publish","type":"post","link":"http:\/\/www.kpddrava.at\/?p=17450","title":{"rendered":"Oktet Suha pri &#8222;Guten Morgen \u00d6sterreich&#8220; na Suhi"},"content":{"rendered":"<p>Oktet Suha je v sredo zelo uspe\u0161no nastopal pri oddaji &#8222;Guten Morgen \u00d6sterreich&#8220; na Suhi. Zapeli so ven\u010dek &#8222;Na sred\u00b4 vasi&#8220;. Slike: Emhofer, Kleine Zeitung<\/p>\n<p>https:\/\/tvthek.orf.at\/profile\/Guten-Morgen-Oesterreich-0630\/13887643\/Guten-Morgen-Oesterreich-0630\/14026897\/Act-Talk-Oktet-Suha\/14564046?fbclid=IwAR0izTEwxjRHFl8q4DilQx5hOxEKFG4pErK1IyZWodqUKxw311ZAypM474o<\/p>\n<p><a href=\"http:\/\/www.kpddrava.at\/wp-content\/uploads\/2019\/09\/71111292_3006111989404433_280529091768090624_n.jpg\"><img loading=\"lazy\" decoding=\"async\" class=\"alignnone size-full wp-image-17460\" src=\"http:\/\/www.kpddrava.at\/wp-content\/uploads\/2019\/09\/71111292_3006111989404433_280529091768090624_n.jpg\" alt=\"\" width=\"697\" height=\"960\" srcset=\"http:\/\/www.kpddrava.at\/wp-content\/uploads\/2019\/09\/71111292_3006111989404433_280529091768090624_n.jpg 697w, http:\/\/www.kpddrava.at\/wp-content\/uploads\/2019\/09\/71111292_3006111989404433_280529091768090624_n-218x300.jpg 218w\" sizes=\"auto, (max-width: 697px) 100vw, 697px\" \/><\/a><\/p>\n<p><a href=\"http:\/\/www.kpddrava.at\/wp-content\/uploads\/2019\/09\/Guten-Morgen-sterreich-im-Jauntal_156941038176329.jpg\"><img loading=\"lazy\" decoding=\"async\" class=\"alignnone size-full wp-image-17452\" src=\"http:\/\/www.kpddrava.at\/wp-content\/uploads\/2019\/09\/Guten-Morgen-sterreich-im-Jauntal_156941038176329.jpg\" alt=\"\" width=\"891\" height=\"594\" srcset=\"http:\/\/www.kpddrava.at\/wp-content\/uploads\/2019\/09\/Guten-Morgen-sterreich-im-Jauntal_156941038176329.jpg 891w, http:\/\/www.kpddrava.at\/wp-content\/uploads\/2019\/09\/Guten-Morgen-sterreich-im-Jauntal_156941038176329-300x200.jpg 300w, http:\/\/www.kpddrava.at\/wp-content\/uploads\/2019\/09\/Guten-Morgen-sterreich-im-Jauntal_156941038176329-768x512.jpg 768w\" sizes=\"auto, (max-width: 767px) 89vw, (max-width: 1000px) 54vw, (max-width: 1071px) 543px, 580px\" \/><\/a> <a href=\"http:\/\/www.kpddrava.at\/wp-content\/uploads\/2019\/09\/Guten-Morgen-sterreich-im-Jauntal_1569410380548255.jpg\"><img loading=\"lazy\" decoding=\"async\" class=\"alignnone size-full wp-image-17453\" src=\"http:\/\/www.kpddrava.at\/wp-content\/uploads\/2019\/09\/Guten-Morgen-sterreich-im-Jauntal_1569410380548255.jpg\" alt=\"\" width=\"891\" height=\"594\" srcset=\"http:\/\/www.kpddrava.at\/wp-content\/uploads\/2019\/09\/Guten-Morgen-sterreich-im-Jauntal_1569410380548255.jpg 891w, http:\/\/www.kpddrava.at\/wp-content\/uploads\/2019\/09\/Guten-Morgen-sterreich-im-Jauntal_1569410380548255-300x200.jpg 300w, http:\/\/www.kpddrava.at\/wp-content\/uploads\/2019\/09\/Guten-Morgen-sterreich-im-Jauntal_1569410380548255-768x512.jpg 768w\" sizes=\"auto, (max-width: 767px) 89vw, (max-width: 1000px) 54vw, (max-width: 1071px) 543px, 580px\" \/><\/a><\/p>\n","protected":false},"excerpt":{"rendered":"<p>Oktet Suha je v sredo zelo uspe\u0161no nastopal pri oddaji &#8222;Guten Morgen \u00d6sterreich&#8220; na Suhi. Zapeli so ven\u010dek &#8222;Na sred\u00b4 vasi&#8220;. Slike: Emhofer, Kleine Zeitung https:\/\/tvthek.orf.at\/profile\/Guten-Morgen-Oesterreich-0630\/13887643\/Guten-Morgen-Oesterreich-0630\/14026897\/Act-Talk-Oktet-Suha\/14564046?fbclid=IwAR0izTEwxjRHFl8q4DilQx5hOxEKFG4pErK1IyZWodqUKxw311ZAypM474o<\/p>\n","protected":false},"author":4,"featured_media":17451,"comment_status":"closed","ping_status":"closed","sticky":false,"template":"","format":"standard","meta":{"ngg_post_thumbnail":0,"footnotes":""},"categories":[1],"tags":[],"class_list":["post-17450","post","type-post","status-publish","format-standard","has-post-thumbnail","hentry","category-allgemein"],"_links":{"self":[{"href":"http:\/\/www.kpddrava.at\/index.php?rest_route=\/wp\/v2\/posts\/17450","targetHints":{"allow":["GET"]}}],"collection":[{"href":"http:\/\/www.kpddrava.at\/index.php?rest_route=\/wp\/v2\/posts"}],"about":[{"href":"http:\/\/www.kpddrava.at\/index.php?rest_route=\/wp\/v2\/types\/post"}],"author":[{"embeddable":true,"href":"http:\/\/www.kpddrava.at\/index.php?rest_route=\/wp\/v2\/users\/4"}],"replies":[{"embeddable":true,"href":"http:\/\/www.kpddrava.at\/index.php?rest_route=%2Fwp%2Fv2%2Fcomments&post=17450"}],"version-history":[{"count":6,"href":"http:\/\/www.kpddrava.at\/index.php?rest_route=\/wp\/v2\/posts\/17450\/revisions"}],"predecessor-version":[{"id":17461,"href":"http:\/\/www.kpddrava.at\/index.php?rest_route=\/wp\/v2\/posts\/17450\/revisions\/17461"}],"wp:featuredmedia":[{"embeddable":true,"href":"http:\/\/www.kpddrava.at\/index.php?rest_route=\/wp\/v2\/media\/17451"}],"wp:attachment":[{"href":"http:\/\/www.kpddrava.at\/index.php?rest_route=%2Fwp%2Fv2%2Fmedia&parent=17450"}],"wp:term":[{"taxonomy":"category","embeddable":true,"href":"http:\/\/www.kpddrava.at\/index.php?rest_route=%2Fwp%2Fv2%2Fcategories&post=17450"},{"taxonomy":"post_tag","embeddable":true,"href":"http:\/\/www.kpddrava.at\/index.php?rest_route=%2Fwp%2Fv2%2Ftags&post=17450"}],"curies":[{"name":"wp","href":"https:\/\/api.w.org\/{rel}","templated":true}]}}