{"id":17462,"date":"2019-09-26T16:54:42","date_gmt":"2019-09-26T14:54:42","guid":{"rendered":"http:\/\/www.kpddrava.at\/?p=17462"},"modified":"2019-09-26T16:55:38","modified_gmt":"2019-09-26T14:55:38","slug":"oktet-suha-fest-der-stimmen","status":"publish","type":"post","link":"http:\/\/www.kpddrava.at\/?p=17462","title":{"rendered":"Oktet Suha: Fest der Stimmen in Klagenfurt\/Praznik glasov v Celovcu"},"content":{"rendered":"<p>Die Er\u00f6ffnung vom FEST DER STIMMEN im Konzerthaus war das absolute Highlight der Volkskultur ! Die 3 Ch\u00f6re sangen sich in die Herzen der Zuh\u00f6hrer &#8211; darunter das Oktet Suha. &#8211; 23. September 2019 Slika: Schild, KLeine Zeitung<\/p>\n<p><a href=\"http:\/\/www.kpddrava.at\/wp-content\/uploads\/2019\/09\/ssfestderstimmenklu-32_1569135882218769.jpg\"><img loading=\"lazy\" decoding=\"async\" class=\"alignnone size-full wp-image-17464\" src=\"http:\/\/www.kpddrava.at\/wp-content\/uploads\/2019\/09\/ssfestderstimmenklu-32_1569135882218769.jpg\" alt=\"\" width=\"1069\" height=\"594\" srcset=\"http:\/\/www.kpddrava.at\/wp-content\/uploads\/2019\/09\/ssfestderstimmenklu-32_1569135882218769.jpg 1069w, http:\/\/www.kpddrava.at\/wp-content\/uploads\/2019\/09\/ssfestderstimmenklu-32_1569135882218769-300x167.jpg 300w, http:\/\/www.kpddrava.at\/wp-content\/uploads\/2019\/09\/ssfestderstimmenklu-32_1569135882218769-768x427.jpg 768w, http:\/\/www.kpddrava.at\/wp-content\/uploads\/2019\/09\/ssfestderstimmenklu-32_1569135882218769-1024x569.jpg 1024w\" sizes=\"auto, (max-width: 767px) 89vw, (max-width: 1000px) 54vw, (max-width: 1071px) 543px, 580px\" \/><\/a><\/p>\n","protected":false},"excerpt":{"rendered":"<p>Die Er\u00f6ffnung vom FEST DER STIMMEN im Konzerthaus war das absolute Highlight der Volkskultur ! Die 3 Ch\u00f6re sangen sich in die Herzen der Zuh\u00f6hrer &#8211; darunter das Oktet Suha. &#8211; 23. September 2019 Slika: Schild, KLeine Zeitung<\/p>\n","protected":false},"author":4,"featured_media":17463,"comment_status":"closed","ping_status":"closed","sticky":false,"template":"","format":"standard","meta":{"ngg_post_thumbnail":0,"footnotes":""},"categories":[1],"tags":[],"class_list":["post-17462","post","type-post","status-publish","format-standard","has-post-thumbnail","hentry","category-allgemein"],"_links":{"self":[{"href":"http:\/\/www.kpddrava.at\/index.php?rest_route=\/wp\/v2\/posts\/17462","targetHints":{"allow":["GET"]}}],"collection":[{"href":"http:\/\/www.kpddrava.at\/index.php?rest_route=\/wp\/v2\/posts"}],"about":[{"href":"http:\/\/www.kpddrava.at\/index.php?rest_route=\/wp\/v2\/types\/post"}],"author":[{"embeddable":true,"href":"http:\/\/www.kpddrava.at\/index.php?rest_route=\/wp\/v2\/users\/4"}],"replies":[{"embeddable":true,"href":"http:\/\/www.kpddrava.at\/index.php?rest_route=%2Fwp%2Fv2%2Fcomments&post=17462"}],"version-history":[{"count":3,"href":"http:\/\/www.kpddrava.at\/index.php?rest_route=\/wp\/v2\/posts\/17462\/revisions"}],"predecessor-version":[{"id":17467,"href":"http:\/\/www.kpddrava.at\/index.php?rest_route=\/wp\/v2\/posts\/17462\/revisions\/17467"}],"wp:featuredmedia":[{"embeddable":true,"href":"http:\/\/www.kpddrava.at\/index.php?rest_route=\/wp\/v2\/media\/17463"}],"wp:attachment":[{"href":"http:\/\/www.kpddrava.at\/index.php?rest_route=%2Fwp%2Fv2%2Fmedia&parent=17462"}],"wp:term":[{"taxonomy":"category","embeddable":true,"href":"http:\/\/www.kpddrava.at\/index.php?rest_route=%2Fwp%2Fv2%2Fcategories&post=17462"},{"taxonomy":"post_tag","embeddable":true,"href":"http:\/\/www.kpddrava.at\/index.php?rest_route=%2Fwp%2Fv2%2Ftags&post=17462"}],"curies":[{"name":"wp","href":"https:\/\/api.w.org\/{rel}","templated":true}]}}