{"id":17957,"date":"2020-02-11T12:05:58","date_gmt":"2020-02-11T11:05:58","guid":{"rendered":"http:\/\/www.kpddrava.at\/?p=17957"},"modified":"2020-02-11T12:11:20","modified_gmt":"2020-02-11T11:11:20","slug":"finisaza-helmut-blazej","status":"publish","type":"post","link":"http:\/\/www.kpddrava.at\/?p=17957","title":{"rendered":"Finisa\u017ea: Helmut Bla\u017eej"},"content":{"rendered":"<p>Zelo uspe\u0161no je potekala finisa\u017ea Helmuta Bla\u017eeja v Hi\u0161i kulture v petek 7. februarja. Za razstavo je bilo veliko zanimanje. \u017dupan Gerhard Visotschnig je dru\u0161tvu v imenu ob\u010dine podaril zanimivo sliko Helmuta Bla\u017eeja, katero je ustvaril iz starega krajevnega napisa. Za glasbeni okvir je odli\u010dno poskrbel Simon Kogelnik na harmoniki. Goste je pozdravil podpredsednik Jokej Logar.<\/p>\n<p>Slike in \u010dastni gostje!<\/p>\n<p><!--more--><\/p>\n<p>\u010castni gostje so bili: farni predstojnik Michael Golav\u010dnik, zastopnik dehanta \u017eupnik Slavko Thaler, \u017eupan Gerhard Visotschnig, ob\u010dinski predstojnik Peter Trampusch, mestni svetnik Marko Trampusch, voditeljica ob\u010dinskega urada Regina Wiedl, finan\u010dna referentka Eva Logar, profesorja Bertej Logar in Jokej Logar,&nbsp; gostilni\u010dar Franz Steharnig, Hans Kaiser, predsednik prijateljev lova, podjetnika Hans ind Lukas W\u00fcrfler, ravnateljici Christine Meklin-Sumnitsch in Vida Logar, ob\u010dinski odbornik Patrick Skubel, umetnik Albert Mesner, glasbenik, Jakob Randev, prokurator Alfred Meklin, nadu\u010ditelj Stefan Logar, Simon in Theresija Kogelnik,&#8230;&#8230;..<\/p>\nngg_shortcode_0_placeholder\n","protected":false},"excerpt":{"rendered":"<p>Zelo uspe\u0161no je potekala finisa\u017ea Helmuta Bla\u017eeja v Hi\u0161i kulture v petek 7. februarja. Za razstavo je bilo veliko zanimanje. \u017dupan Gerhard Visotschnig je dru\u0161tvu v imenu ob\u010dine podaril zanimivo sliko Helmuta Bla\u017eeja, katero je ustvaril iz starega krajevnega napisa. Za glasbeni okvir je odli\u010dno poskrbel Simon Kogelnik na harmoniki. Goste je pozdravil podpredsednik Jokej &hellip; <\/p>\n<p class=\"link-more\"><a href=\"http:\/\/www.kpddrava.at\/?p=17957\" class=\"more-link\"><span class=\"screen-reader-text\">\u201eFinisa\u017ea: Helmut Bla\u017eej\u201c<\/span> weiterlesen<\/a><\/p>\n","protected":false},"author":4,"featured_media":17973,"comment_status":"closed","ping_status":"closed","sticky":false,"template":"","format":"standard","meta":{"ngg_post_thumbnail":0,"footnotes":""},"categories":[1],"tags":[],"class_list":["post-17957","post","type-post","status-publish","format-standard","has-post-thumbnail","hentry","category-allgemein"],"_links":{"self":[{"href":"http:\/\/www.kpddrava.at\/index.php?rest_route=\/wp\/v2\/posts\/17957","targetHints":{"allow":["GET"]}}],"collection":[{"href":"http:\/\/www.kpddrava.at\/index.php?rest_route=\/wp\/v2\/posts"}],"about":[{"href":"http:\/\/www.kpddrava.at\/index.php?rest_route=\/wp\/v2\/types\/post"}],"author":[{"embeddable":true,"href":"http:\/\/www.kpddrava.at\/index.php?rest_route=\/wp\/v2\/users\/4"}],"replies":[{"embeddable":true,"href":"http:\/\/www.kpddrava.at\/index.php?rest_route=%2Fwp%2Fv2%2Fcomments&post=17957"}],"version-history":[{"count":4,"href":"http:\/\/www.kpddrava.at\/index.php?rest_route=\/wp\/v2\/posts\/17957\/revisions"}],"predecessor-version":[{"id":17976,"href":"http:\/\/www.kpddrava.at\/index.php?rest_route=\/wp\/v2\/posts\/17957\/revisions\/17976"}],"wp:featuredmedia":[{"embeddable":true,"href":"http:\/\/www.kpddrava.at\/index.php?rest_route=\/wp\/v2\/media\/17973"}],"wp:attachment":[{"href":"http:\/\/www.kpddrava.at\/index.php?rest_route=%2Fwp%2Fv2%2Fmedia&parent=17957"}],"wp:term":[{"taxonomy":"category","embeddable":true,"href":"http:\/\/www.kpddrava.at\/index.php?rest_route=%2Fwp%2Fv2%2Fcategories&post=17957"},{"taxonomy":"post_tag","embeddable":true,"href":"http:\/\/www.kpddrava.at\/index.php?rest_route=%2Fwp%2Fv2%2Ftags&post=17957"}],"curies":[{"name":"wp","href":"https:\/\/api.w.org\/{rel}","templated":true}]}}