{"id":18077,"date":"2020-06-11T10:57:01","date_gmt":"2020-06-11T08:57:01","guid":{"rendered":"http:\/\/www.kpddrava.at\/?p=18077"},"modified":"2020-06-11T11:01:12","modified_gmt":"2020-06-11T09:01:12","slug":"christine-meklin-sumnitsch-razstavlja-v-hisi-kulture","status":"publish","type":"post","link":"http:\/\/www.kpddrava.at\/?p=18077","title":{"rendered":"Christine Meklin-Sumnitsch razstavlja svoje nove slike v Hi\u0161i kulture"},"content":{"rendered":"<p>Christine Meklin-Sumnitsch, umetnica in odbornica KPD Drava razstavlja v \u010dasu Corone svoje slike v Hi\u0161i kulture. Ogledate si jih lahko \u010de pokli\u010dete \u0161tevilko 0664 55 32 845.<\/p>\n<p>Isto\u010dasno raszstavlja umetnica tudi v Cafe Pazzo v Pliberku.<\/p>\n<p>ngg_shortcode_0_placeholder<!--more--><\/p>\n<p><strong>Dipl. P\u00e4d. Christine Meklin-Sumnitsch, BEd., MA<img loading=\"lazy\" decoding=\"async\" class=\"wp-image-2756 alignright\" src=\"http:\/\/www.nms-bleiburg.ksn.at\/wp-content\/uploads\/2016\/01\/meklin4-683x1024.jpg\" sizes=\"auto, (max-width: 227px) 100vw, 227px\" srcset=\"http:\/\/www.nms-bleiburg.ksn.at\/wp-content\/uploads\/2016\/01\/meklin4-683x1024.jpg 683w, http:\/\/www.nms-bleiburg.ksn.at\/wp-content\/uploads\/2016\/01\/meklin4-200x300.jpg 200w\" alt=\"meklin4\" width=\"227\" height=\"341\"><\/strong><\/p>\n<p><strong>Biographie:<\/strong><\/p>\n<p>Christine Meklin Sumnitsch (geb. 1962)<br \/>\nWohnsitz\/ naslov: Aich\/Dob \u2013 Bleiburg\/Pliberk<\/p>\n<p><strong>Ausbildungen\/ izobrazba:<\/strong><br \/>\nDipl. P\u00e4d. (Deutsch, Slowenisch, Techn. Werken)<br \/>\nIntegrationslehrerin, Multiplikatorin f\u00fcr NMS<br \/>\nDipl. Beratungslehrerin, Peer Review in QIBB<br \/>\nSchulentwicklungsberaterin<br \/>\nTrainerin f\u00fcr Unterrichtsentwicklung<br \/>\nFachbezogenes Bildungsmanagement f\u00fcr Deutsch<br \/>\nUniversit\u00e4ts-Lehrgang ProFil<\/p>\n<p><strong>Aktivit\u00e4ten\/ dejavnosti:<\/strong><br \/>\nKreative Projekte mit Lehrern, Studenten und Sch\u00fclern<br \/>\nWorkshops und B\u00fchnenbilder \u2013 Kulturverein Drava<br \/>\nGestaltung von Kunstprojekten im \u00f6ffentlichen Raum<br \/>\nAusstellungen mit Sch\u00fclern (P\u00e4dagogische Hochschule, Bezirkshauptmannschaft V\u00f6lkermarkt, Cafe Pazzo, Raika Bleiburg, NMS Bleiburg, Landesschulrat)<br \/>\nMitwirkung bei Gro\u00dfveranstaltungen \u2013 KOM, KKZ<br \/>\nEinzelausstellungen: Caffe Pazzo Bleiburg\/Pliberk<br \/>\nSeit 1. September 2013 Direktorin der neuen Mittelschule Bleiburg<\/p>\n","protected":false},"excerpt":{"rendered":"<p>Christine Meklin-Sumnitsch, umetnica in odbornica KPD Drava razstavlja v \u010dasu Corone svoje slike v Hi\u0161i kulture. Ogledate si jih lahko \u010de pokli\u010dete \u0161tevilko 0664 55 32 845. Isto\u010dasno raszstavlja umetnica tudi v Cafe Pazzo v Pliberku.<\/p>\n","protected":false},"author":4,"featured_media":18078,"comment_status":"closed","ping_status":"closed","sticky":false,"template":"","format":"standard","meta":{"ngg_post_thumbnail":0,"footnotes":""},"categories":[1],"tags":[],"class_list":["post-18077","post","type-post","status-publish","format-standard","has-post-thumbnail","hentry","category-allgemein"],"_links":{"self":[{"href":"http:\/\/www.kpddrava.at\/index.php?rest_route=\/wp\/v2\/posts\/18077","targetHints":{"allow":["GET"]}}],"collection":[{"href":"http:\/\/www.kpddrava.at\/index.php?rest_route=\/wp\/v2\/posts"}],"about":[{"href":"http:\/\/www.kpddrava.at\/index.php?rest_route=\/wp\/v2\/types\/post"}],"author":[{"embeddable":true,"href":"http:\/\/www.kpddrava.at\/index.php?rest_route=\/wp\/v2\/users\/4"}],"replies":[{"embeddable":true,"href":"http:\/\/www.kpddrava.at\/index.php?rest_route=%2Fwp%2Fv2%2Fcomments&post=18077"}],"version-history":[{"count":5,"href":"http:\/\/www.kpddrava.at\/index.php?rest_route=\/wp\/v2\/posts\/18077\/revisions"}],"predecessor-version":[{"id":18083,"href":"http:\/\/www.kpddrava.at\/index.php?rest_route=\/wp\/v2\/posts\/18077\/revisions\/18083"}],"wp:featuredmedia":[{"embeddable":true,"href":"http:\/\/www.kpddrava.at\/index.php?rest_route=\/wp\/v2\/media\/18078"}],"wp:attachment":[{"href":"http:\/\/www.kpddrava.at\/index.php?rest_route=%2Fwp%2Fv2%2Fmedia&parent=18077"}],"wp:term":[{"taxonomy":"category","embeddable":true,"href":"http:\/\/www.kpddrava.at\/index.php?rest_route=%2Fwp%2Fv2%2Fcategories&post=18077"},{"taxonomy":"post_tag","embeddable":true,"href":"http:\/\/www.kpddrava.at\/index.php?rest_route=%2Fwp%2Fv2%2Ftags&post=18077"}],"curies":[{"name":"wp","href":"https:\/\/api.w.org\/{rel}","templated":true}]}}