{"id":18479,"date":"2021-08-09T13:54:20","date_gmt":"2021-08-09T11:54:20","guid":{"rendered":"http:\/\/www.kpddrava.at\/?p=18479"},"modified":"2021-08-10T10:03:44","modified_gmt":"2021-08-10T08:03:44","slug":"33-mednarodno-srecanje-vizarjev-na-svetem-mestu","status":"publish","type":"post","link":"http:\/\/www.kpddrava.at\/?p=18479","title":{"rendered":"33. mednarodno sre\u010danje vi\u017earjev na Svetem mestu"},"content":{"rendered":"<p>Klub nestanovitnemu vremeneu se je v nedeljo 8. avgusta zbrala velika mno\u017eica ljudi na sre\u010danju vi\u017earjev na Svetem mestu pri romarski cerkvi. Me\u017enar Benjamin Malle je poskrbel za \u010dudovito okolje. Vi\u017earje in gostje je podravil farni predstojnik mag. Miha Golav\u010dnik, nastope vi\u017earjev pa je moderiral Jokej Logar, podpredsednik na\u0161ega dru\u0161tva.&nbsp; Za dober ton je poskrbel Danilo Katz. &#8222;Ofer&#8220; smo tokrat namenili popravi fasade cerkve, ki se bo odvijala jeseni. Mednarodno sre\u010danje vi\u017earjev je obiskalo veliko \u0161tevilo \u010dastnih gostov kot \u017eupan Patrik Skubel, pod\u017eupan Benjamin Malle, predsednik Geoparka Karavanke Gerhard Visotschnig, znanstvenik Bertej Logar, ob\u010dinski odbornik Marko Kumer, zastopnika penzionistov Emmerich Skorjanz in Ambros Jeuschnigger, Sebastian Trampusch, glavni urednik Novic, &#8230;.<\/p>\n<p><a href=\"http:\/\/www.pfarre-schwabegg.at\/index.php?option=com_content&amp;view=article&amp;id=614:vizarji-in-jubilej-drustva-volksmusikantentreffen-und-vereinsjubilaeum&amp;catid=8&amp;Itemid=167\">Fara \u017dvabek &#8211; poro\u010dilo \u017eupnika o sre\u010danju vi\u017earjev<\/a><\/p>\n<p>Slike&#8230;..<\/p>\n<p><!--more--><\/p>\nngg_shortcode_0_placeholder\n","protected":false},"excerpt":{"rendered":"<p>Klub nestanovitnemu vremeneu se je v nedeljo 8. avgusta zbrala velika mno\u017eica ljudi na sre\u010danju vi\u017earjev na Svetem mestu pri romarski cerkvi. Me\u017enar Benjamin Malle je poskrbel za \u010dudovito okolje. Vi\u017earje in gostje je podravil farni predstojnik mag. Miha Golav\u010dnik, nastope vi\u017earjev pa je moderiral Jokej Logar, podpredsednik na\u0161ega dru\u0161tva.&nbsp; Za dober ton je poskrbel &hellip; <\/p>\n<p class=\"link-more\"><a href=\"http:\/\/www.kpddrava.at\/?p=18479\" class=\"more-link\"><span class=\"screen-reader-text\">\u201e33. mednarodno sre\u010danje vi\u017earjev na Svetem mestu\u201c<\/span> weiterlesen<\/a><\/p>\n","protected":false},"author":4,"featured_media":18480,"comment_status":"closed","ping_status":"closed","sticky":false,"template":"","format":"standard","meta":{"ngg_post_thumbnail":0,"footnotes":""},"categories":[1],"tags":[],"class_list":["post-18479","post","type-post","status-publish","format-standard","has-post-thumbnail","hentry","category-allgemein"],"_links":{"self":[{"href":"http:\/\/www.kpddrava.at\/index.php?rest_route=\/wp\/v2\/posts\/18479","targetHints":{"allow":["GET"]}}],"collection":[{"href":"http:\/\/www.kpddrava.at\/index.php?rest_route=\/wp\/v2\/posts"}],"about":[{"href":"http:\/\/www.kpddrava.at\/index.php?rest_route=\/wp\/v2\/types\/post"}],"author":[{"embeddable":true,"href":"http:\/\/www.kpddrava.at\/index.php?rest_route=\/wp\/v2\/users\/4"}],"replies":[{"embeddable":true,"href":"http:\/\/www.kpddrava.at\/index.php?rest_route=%2Fwp%2Fv2%2Fcomments&post=18479"}],"version-history":[{"count":6,"href":"http:\/\/www.kpddrava.at\/index.php?rest_route=\/wp\/v2\/posts\/18479\/revisions"}],"predecessor-version":[{"id":18562,"href":"http:\/\/www.kpddrava.at\/index.php?rest_route=\/wp\/v2\/posts\/18479\/revisions\/18562"}],"wp:featuredmedia":[{"embeddable":true,"href":"http:\/\/www.kpddrava.at\/index.php?rest_route=\/wp\/v2\/media\/18480"}],"wp:attachment":[{"href":"http:\/\/www.kpddrava.at\/index.php?rest_route=%2Fwp%2Fv2%2Fmedia&parent=18479"}],"wp:term":[{"taxonomy":"category","embeddable":true,"href":"http:\/\/www.kpddrava.at\/index.php?rest_route=%2Fwp%2Fv2%2Fcategories&post=18479"},{"taxonomy":"post_tag","embeddable":true,"href":"http:\/\/www.kpddrava.at\/index.php?rest_route=%2Fwp%2Fv2%2Ftags&post=18479"}],"curies":[{"name":"wp","href":"https:\/\/api.w.org\/{rel}","templated":true}]}}