{"id":18968,"date":"2021-11-28T15:43:23","date_gmt":"2021-11-28T14:43:23","guid":{"rendered":"http:\/\/www.kpddrava.at\/?p=18968"},"modified":"2021-11-28T15:44:59","modified_gmt":"2021-11-28T14:44:59","slug":"pepej-krop-je-napisal-knjigo-40-let-oktet-suha-kam-se-kam-wohin-denn-noch","status":"publish","type":"post","link":"http:\/\/www.kpddrava.at\/?p=18968","title":{"rendered":"Pepej Krop je napisal knjigo &#8222;40 let Oktet Suha&#8220; &#8211; Kam \u0161e kam? Wohin denn noch?"},"content":{"rendered":"<header class=\"article__header push--bottom\">\n<h1 class=\"article__headline\"><span class=\"article__subheadline ressort__color caps article-subheadline-inline article-subheadline-inline-content\">K\u00e4rntner des Tages:&nbsp;<\/span><strong>Josef Krop ist der Welten-S\u00e4nger<\/strong><\/h1>\n<p class=\"article__lead push-half--bottom brand-font\">Der 63-J\u00e4hrige, der seit 40 Jahren S\u00e4nger des \u201eOktet Suha\u201c ist, hat die musikalische Weltreise der Gruppe dokumentiert.<\/p>\n<\/header>\n<div class=\"article__content\">\n<figure class=\"article__figure picture\"><img decoding=\"async\" class=\"lazyload\" title=\"Josef \u201ePepej\u201c Krop, Tenorstimme des \u00fcber K\u00e4rntens Grenzen hinaus bekannten Oktets: 1500 Konzerte weltweit \/ Bild: Rosina Katz-Logar\" src=\"https:\/\/media.kleinezeitung.at\/images\/uploads_520\/f\/a\/b\/6066091\/C3269963-B95F-4A04-87A5-6FA5F3200B82_v0_h.jpg\" alt=\"Josef \u201ePepej\u201c Krop, Tenorstimme des \u00fcber K\u00e4rntens Grenzen hinaus bekannten Oktets: 1500 Konzerte weltweit\"><figcaption class=\"push-half--top picture__text\">Josef \u201ePepej\u201c Krop, Tenorstimme des \u00fcber K\u00e4rntens Grenzen hinaus bekannten Oktets: 1500 Konzerte weltweit&nbsp;<span class=\"picture__credit\">\u00a9&nbsp;Rosina Katz-Logar<\/span><\/figcaption><\/figure>\n<div class=\"article__aside article__aside--inside js-article-aside-desktop\">\n<div id=\"sas_22373\" class=\"js-ad ad\" data-ad-id=\"22373\" data-ad-wmin=\"1024\" data-ad-wmax=\"\">&nbsp;<\/div>\n<div class=\"widget widget--cxsense\">\n<div id=\"cx_104b338a7a5b026f163ee3fc0dc740958a1ae372\">\n<div class=\"item\">\n<h3 class=\"title ressort--kaernten\"><span style=\"font-size: 1rem;\">Dutzende Tourneen auf verschiedenen Kontinenten, mehr als 1500 Konzerte: \u201eAuf unserer 40-j\u00e4hrigen musikalischen Reise gab es viele Momente, die nicht in Vergessenheit geraten sollen\u201c, sagt&nbsp;<\/span><strong style=\"font-size: 1rem;\">Josef Krop<\/strong><span style=\"font-size: 1rem;\">. Der 63-J\u00e4hrige aus Neuhaus\/Suha ist&nbsp;<\/span><strong style=\"font-size: 1rem;\">Gr\u00fcndungsmitglied<\/strong><span style=\"font-size: 1rem;\">&nbsp;und&nbsp;<\/span><strong style=\"font-size: 1rem;\">Tenors\u00e4nger<\/strong><span style=\"font-size: 1rem;\">&nbsp;des weit \u00fcber K\u00e4rntens Grenzen hinaus bekannten zweisprachigen M\u00e4nneroktets.<\/span><\/h3>\n<\/div>\n<\/div>\n<\/div>\n<\/div>\n<p>Diese vier Jahrzehnte auf der B\u00fchne hat Krop, Freunde nennen ihn \u201ePepej\u201c, jetzt in einem&nbsp;<strong>Band mit gro\u00dfformatigen Fotos<\/strong>, lustigen und zum Teil ber\u00fchrenden Geschichten dokumentiert. Dazu gibt es eine CD. \u201eDas Buch legt auch eine umfangreiche Liste von Konzert- und Tournee-Erlebnissen in den vergangenen 40 Jahren offen\u201c, erkl\u00e4rt der Autor, der immer noch gerne auftritt.<\/p>\n<p>Aufgewachsen ist der pensionierte Lehrer in einer musikalischen Familie am Kogelnikberg\/Kogelska gora in Neuhaus\/Suha mit zwei Schwestern und einem Bruder. \u201eBei uns wurde bei der Arbeit und abends gesungen\u201c, erz\u00e4hlt er. Sein Vater sei als Volksmusikant in der Gegend bekannt gewesen, seine Tanten als S\u00e4ngerinnen. Also lag es nahe, dass auch er zur Gitarre und Harmonika griff und sich als Tenorist im Kirchenchor sowie in weiteren Ensembles und schlie\u00dflich beim&nbsp;<strong>Oktet Suha<\/strong>&nbsp;engagierte. Er ver\u00f6ffentlichte auch regelm\u00e4\u00dfig Lieder, die immer wieder im Radio zu h\u00f6ren sind und von vielen Ch\u00f6ren in S\u00fcdk\u00e4rnten gesungen werden.<\/p>\n<h2>Weltall und Sternenhimmel<\/h2>\n<p>Neben der Musik und dem Gesang fasziniert den Vater eines Sohnes, der mit seiner Familie in Feistritz ob Bleiburg\/Bistrica nad Pliberkom lebt, besonders die Astronomie. \u201eDas Weltall und der Sternenhimmel sind ein Thema, das uns an den Anfang und das Ende allen Lebens f\u00fchrt\u201c, ist Krop \u00fcberzeugt. In sein Hobby hat er auch einiges investiert: ein Riesenteleskop. \u201eDas habe ich in Amerika gekauft.\u201c Wenn man Gl\u00fcck hat, wird man von Krop in klaren Sternenn\u00e4chten zu einer spannenden Reise durch das Weltall mit seinen Sonnensystemen, Galaxien und dem \u201eDeep Sky\u201c untermauert mit griechischer Mythologie eingeladen. Einblicke in seine spektakul\u00e4ren Fotos von Himmelsobjekten gew\u00e4hrt er gelegentlich seinen Freunden via Facebook.<\/p>\n<p>Bei der Pr\u00e4sentation des Buches \u201eKam \u0161e kam? Wohin denn noch?\u201c h\u00e4tte eigentlich das Oktet singen sollen. Wegen Krankheitsf\u00e4llen musste das Konzert entfallen.<\/p>\n<div id=\"sas_23167\" class=\"js-ad ad--fullsize ad\" data-ad-id=\"23167\">\n<div id=\"sasDivContainer_10541269\" class=\"\">&nbsp;<\/div>\n<p><strong style=\"font-size: 1.5rem;\">\u201eWOHIN DENN NOCH?\u201c<\/strong><\/p>\n<\/div>\n<div class=\"flexmodule flexmodule--factbox\">\n<div class=\"flexmodule__content\">\n<p><strong>Das Buch<\/strong>&nbsp;\u201eKam \u0161e kam? Wohin denn noch?\u201c (168 Seiten, Preis inklusive CD: 25 Euro) schildert die schon 40 Jahre lang andauernde musikalische Reise des Oktet Suha aus Neuhaus. Erh\u00e4ltlich ist in den Buchhandlungen Hermagoras und Ha\u010dek in Klagenfurt.<\/p>\n<\/div>\n<\/div>\n<\/div>\n<p>&nbsp;<\/p>\n<p>&nbsp;<\/p>\n<p>&nbsp;<\/p>\n","protected":false},"excerpt":{"rendered":"<p>K\u00e4rntner des Tages:&nbsp;Josef Krop ist der Welten-S\u00e4nger Der 63-J\u00e4hrige, der seit 40 Jahren S\u00e4nger des \u201eOktet Suha\u201c ist, hat die musikalische Weltreise der Gruppe dokumentiert. Josef \u201ePepej\u201c Krop, Tenorstimme des \u00fcber K\u00e4rntens Grenzen hinaus bekannten Oktets: 1500 Konzerte weltweit&nbsp;\u00a9&nbsp;Rosina Katz-Logar &nbsp; Dutzende Tourneen auf verschiedenen Kontinenten, mehr als 1500 Konzerte: \u201eAuf unserer 40-j\u00e4hrigen musikalischen Reise &hellip; <\/p>\n<p class=\"link-more\"><a href=\"http:\/\/www.kpddrava.at\/?p=18968\" class=\"more-link\"><span class=\"screen-reader-text\">\u201ePepej Krop je napisal knjigo &#8222;40 let Oktet Suha&#8220; &#8211; Kam \u0161e kam? Wohin denn noch?\u201c<\/span> weiterlesen<\/a><\/p>\n","protected":false},"author":4,"featured_media":18969,"comment_status":"closed","ping_status":"closed","sticky":false,"template":"","format":"standard","meta":{"ngg_post_thumbnail":0,"footnotes":""},"categories":[1],"tags":[],"class_list":["post-18968","post","type-post","status-publish","format-standard","has-post-thumbnail","hentry","category-allgemein"],"_links":{"self":[{"href":"http:\/\/www.kpddrava.at\/index.php?rest_route=\/wp\/v2\/posts\/18968","targetHints":{"allow":["GET"]}}],"collection":[{"href":"http:\/\/www.kpddrava.at\/index.php?rest_route=\/wp\/v2\/posts"}],"about":[{"href":"http:\/\/www.kpddrava.at\/index.php?rest_route=\/wp\/v2\/types\/post"}],"author":[{"embeddable":true,"href":"http:\/\/www.kpddrava.at\/index.php?rest_route=\/wp\/v2\/users\/4"}],"replies":[{"embeddable":true,"href":"http:\/\/www.kpddrava.at\/index.php?rest_route=%2Fwp%2Fv2%2Fcomments&post=18968"}],"version-history":[{"count":4,"href":"http:\/\/www.kpddrava.at\/index.php?rest_route=\/wp\/v2\/posts\/18968\/revisions"}],"predecessor-version":[{"id":18973,"href":"http:\/\/www.kpddrava.at\/index.php?rest_route=\/wp\/v2\/posts\/18968\/revisions\/18973"}],"wp:featuredmedia":[{"embeddable":true,"href":"http:\/\/www.kpddrava.at\/index.php?rest_route=\/wp\/v2\/media\/18969"}],"wp:attachment":[{"href":"http:\/\/www.kpddrava.at\/index.php?rest_route=%2Fwp%2Fv2%2Fmedia&parent=18968"}],"wp:term":[{"taxonomy":"category","embeddable":true,"href":"http:\/\/www.kpddrava.at\/index.php?rest_route=%2Fwp%2Fv2%2Fcategories&post=18968"},{"taxonomy":"post_tag","embeddable":true,"href":"http:\/\/www.kpddrava.at\/index.php?rest_route=%2Fwp%2Fv2%2Ftags&post=18968"}],"curies":[{"name":"wp","href":"https:\/\/api.w.org\/{rel}","templated":true}]}}