{"id":19026,"date":"2022-03-07T08:56:33","date_gmt":"2022-03-07T07:56:33","guid":{"rendered":"http:\/\/www.kpddrava.at\/?p=19026"},"modified":"2022-03-07T11:38:55","modified_gmt":"2022-03-07T10:38:55","slug":"rtv-slovenija-v-hisi-kulture","status":"publish","type":"post","link":"http:\/\/www.kpddrava.at\/?p=19026","title":{"rendered":"RTV Slovenija v Hi\u0161i kulture"},"content":{"rendered":"<p>V nedeljo 13. marca bo RTV Slovenija PRVI oddajala iz Hi\u0161e kulture. Povabimo vas, da pridete v Hi\u0161o kulture ali prisluhnite oddaji od 13. ure naprej.<\/p>\n<p>Prisr\u010dno vabimo na live-koncert Okteta Suha za radio Prvi RTV Slovenija v Hi\u0161i kulture v \u017dvabeku v nedeljo, 13. marca 2022 od 16. do 17. ure.<\/p>\n<p>Koncert se priredi v okviru niza &#8222;Pomladni obiski in koncerti iz na\u0161ih krajev&#8220; po vsej Sloveniji priljubljenega radia Prvi.<\/p>\n<p><strong>Oktet Suha se bo prvi\u010d predstavil v novi zasedbi!<\/strong><\/p>\n<p>Na\u010drt:<\/p>\n<p><a href=\"https:\/\/www.rtvslo.si\/rtv\/za-medije\/sporocila-za-javnost\/pomladni-obiski-in-koncerti-iz-nasih-krajev\/613474\">https:\/\/www.rtvslo.si\/rtv\/za-medije\/sporocila-za-javnost\/pomladni-obiski-in-koncerti-iz-nasih-krajev\/613474<\/a><\/p>\n<p>13.10 \u2013 pozdrav iz \u017dvabeka, nekaj o samem kraju, dogajanju v Hi\u0161i kulture, kjer smo, napoved popoldneva z vrhuncem &#8211; koncertom Okteta Suha + Engelbert Logar o kraju in ob\u010dini Suha..<\/p>\n<p>14.10 \u2013 KPD Drava \u2013 zgodovina, hi\u0161a, izobra\u017eevanje, dejavnosti, praznovanje 110 letnice, \u010dezmejne povezave<\/p>\n<p>14.40 \u2013 Hi\u0161a ajde&nbsp;<\/p>\n<p>15.15 \u2013 na kratko o koncertu in 40 letnici Okteta Suha \u2013 Pepej Krop \u2013 avtor knjige Kam \u0161e, kam?<\/p>\n<p><strong>16.00 do 17.00 koncert<\/strong><\/p>\n<p>17.10 \u2013 Pevsko instrumentalna skupina<\/p>\n<p>17.30 \u2013 Lutke Suha \u2013 Richard Grilc, Vida Logar (ravnateljica L\u0160 Suha), avtorica in umetnica Ana Grilc<\/p>\n<p>17.50?? \u2013 slovo in napoved Gorice \u010dez teden dni<\/p>\n<p>&nbsp;<\/p>\n","protected":false},"excerpt":{"rendered":"<p>V nedeljo 13. marca bo RTV Slovenija PRVI oddajala iz Hi\u0161e kulture. Povabimo vas, da pridete v Hi\u0161o kulture ali prisluhnite oddaji od 13. ure naprej. Prisr\u010dno vabimo na live-koncert Okteta Suha za radio Prvi RTV Slovenija v Hi\u0161i kulture v \u017dvabeku v nedeljo, 13. marca 2022 od 16. do 17. ure. Koncert se priredi &hellip; <\/p>\n<p class=\"link-more\"><a href=\"http:\/\/www.kpddrava.at\/?p=19026\" class=\"more-link\"><span class=\"screen-reader-text\">\u201eRTV Slovenija v Hi\u0161i kulture\u201c<\/span> weiterlesen<\/a><\/p>\n","protected":false},"author":4,"featured_media":18969,"comment_status":"closed","ping_status":"closed","sticky":false,"template":"","format":"standard","meta":{"ngg_post_thumbnail":0,"footnotes":""},"categories":[1],"tags":[],"class_list":["post-19026","post","type-post","status-publish","format-standard","has-post-thumbnail","hentry","category-allgemein"],"_links":{"self":[{"href":"http:\/\/www.kpddrava.at\/index.php?rest_route=\/wp\/v2\/posts\/19026","targetHints":{"allow":["GET"]}}],"collection":[{"href":"http:\/\/www.kpddrava.at\/index.php?rest_route=\/wp\/v2\/posts"}],"about":[{"href":"http:\/\/www.kpddrava.at\/index.php?rest_route=\/wp\/v2\/types\/post"}],"author":[{"embeddable":true,"href":"http:\/\/www.kpddrava.at\/index.php?rest_route=\/wp\/v2\/users\/4"}],"replies":[{"embeddable":true,"href":"http:\/\/www.kpddrava.at\/index.php?rest_route=%2Fwp%2Fv2%2Fcomments&post=19026"}],"version-history":[{"count":2,"href":"http:\/\/www.kpddrava.at\/index.php?rest_route=\/wp\/v2\/posts\/19026\/revisions"}],"predecessor-version":[{"id":19028,"href":"http:\/\/www.kpddrava.at\/index.php?rest_route=\/wp\/v2\/posts\/19026\/revisions\/19028"}],"wp:featuredmedia":[{"embeddable":true,"href":"http:\/\/www.kpddrava.at\/index.php?rest_route=\/wp\/v2\/media\/18969"}],"wp:attachment":[{"href":"http:\/\/www.kpddrava.at\/index.php?rest_route=%2Fwp%2Fv2%2Fmedia&parent=19026"}],"wp:term":[{"taxonomy":"category","embeddable":true,"href":"http:\/\/www.kpddrava.at\/index.php?rest_route=%2Fwp%2Fv2%2Fcategories&post=19026"},{"taxonomy":"post_tag","embeddable":true,"href":"http:\/\/www.kpddrava.at\/index.php?rest_route=%2Fwp%2Fv2%2Ftags&post=19026"}],"curies":[{"name":"wp","href":"https:\/\/api.w.org\/{rel}","templated":true}]}}