{"id":19431,"date":"2022-08-28T16:03:17","date_gmt":"2022-08-28T14:03:17","guid":{"rendered":"http:\/\/www.kpddrava.at\/?p=19431"},"modified":"2022-08-28T16:07:08","modified_gmt":"2022-08-28T14:07:08","slug":"elsa-logar-razstavlja-v-mmkk-v-celovcu","status":"publish","type":"post","link":"http:\/\/www.kpddrava.at\/?p=19431","title":{"rendered":"Elsa Logar razstavlja v MMKK v Celovcu &#8211; 1. &#8211; 24. September"},"content":{"rendered":"<div id=\"block-fe00cd4eb6954a235236\" class=\"sqs-block html-block sqs-block-html\" data-block-type=\"2\">\n<div class=\"sqs-block-content\">\n<p>Slika: Elsa Logar, Detail aus Comic-Serie, <em>onlineclass<\/em>, 2020&nbsp;| \u00a9 Elsa Logar<\/p>\n<p class=\"sqsrte-large preFade fadeIn\"><strong>Er\u00f6ffnung\/otvoritev:<\/strong><br \/>\nMittwoch, 31. August 2022, 17:30<\/p>\n<p class=\"sqsrte-large preFade fadeIn\"><strong>Ausstellung\/razstava:&nbsp;<\/strong><br \/>\n01. September bis 24. September 2022<\/p>\n<\/div>\n<\/div>\n<div id=\"block-yui_3_17_2_1_1648638270286_6877\" class=\"sqs-block horizontalrule-block sqs-block-horizontalrule\" data-block-type=\"47\">\n<div class=\"sqs-block-content\">\n<hr>\n<\/div>\n<\/div>\n<div id=\"block-yui_3_17_2_1_1648638270286_6940\" class=\"sqs-block html-block sqs-block-html\" data-block-type=\"2\">\n<div class=\"sqs-block-content\">\n<p class=\"preFade fadeIn\"><strong>Elsa Logar, p.d. Vi\u017eograbova iz Gradi\u010d na Suhi<\/strong><br \/>\ngeboren 1999 in Feldkirchen. Sie studiert Multimedia an der H\u00f6heren Graphischen Bundes-Lehr- und&nbsp;Versuchsanstalt in Wien. In ihren&nbsp;Comics thematisiert sie Sexismus,&nbsp;Marginalisierung, gesellschaftliche&nbsp;Absurdit\u00e4ten und Lebensrealit\u00e4ten&nbsp;mit Tusche auf Papier.<\/p>\n<h4 class=\"preFade fadeIn\">Die Digitalisierung hat l\u00e4ngst die Beschaffenheit der meisten unserer Lebensbereiche gepr\u00e4gt. In vielen F\u00e4llen ist das Digitale \u00e4hnlich selbstverst\u00e4ndlich geworden wie Elektrizit\u00e4t. Elsa Logar thematisiert in einer Comic-Serie die Frage, welche Auswirkungen eine St\u00f6rung dieser Selbstverst\u00e4ndlichkeit h\u00e4tte. Was w\u00e4re, wenn ein starker Sonnensturm wie jener von 1895 zu Disruptionen f\u00fchren w\u00fcrde? Was w\u00fcrde das f\u00fcr die Menschheit bedeuten? Was w\u00fcrde sich ver\u00e4ndern und wie k\u00f6nnten wir damit umgehen?&nbsp;<\/h4>\n<p><a href=\"http:\/\/www.kpddrava.at\/wp-content\/uploads\/2022\/08\/302158558_5676967802335945_5011111225273440006_n.jpg\"><img loading=\"lazy\" decoding=\"async\" class=\"alignnone size-full wp-image-19435\" src=\"http:\/\/www.kpddrava.at\/wp-content\/uploads\/2022\/08\/302158558_5676967802335945_5011111225273440006_n.jpg\" alt=\"\" width=\"640\" height=\"1136\" srcset=\"http:\/\/www.kpddrava.at\/wp-content\/uploads\/2022\/08\/302158558_5676967802335945_5011111225273440006_n.jpg 640w, http:\/\/www.kpddrava.at\/wp-content\/uploads\/2022\/08\/302158558_5676967802335945_5011111225273440006_n-169x300.jpg 169w, http:\/\/www.kpddrava.at\/wp-content\/uploads\/2022\/08\/302158558_5676967802335945_5011111225273440006_n-577x1024.jpg 577w\" sizes=\"auto, (max-width: 640px) 100vw, 640px\" \/><\/a><\/p>\n<\/div>\n<\/div>\n<div id=\"block-a99b60408f7ae845380b\" class=\"sqs-block horizontalrule-block sqs-block-horizontalrule\" data-block-type=\"47\">&nbsp;<\/div>\n","protected":false},"excerpt":{"rendered":"<p>Slika: Elsa Logar, Detail aus Comic-Serie, onlineclass, 2020&nbsp;| \u00a9 Elsa Logar Er\u00f6ffnung\/otvoritev: Mittwoch, 31. August 2022, 17:30 Ausstellung\/razstava:&nbsp; 01. September bis 24. September 2022 Elsa Logar, p.d. Vi\u017eograbova iz Gradi\u010d na Suhi geboren 1999 in Feldkirchen. Sie studiert Multimedia an der H\u00f6heren Graphischen Bundes-Lehr- und&nbsp;Versuchsanstalt in Wien. In ihren&nbsp;Comics thematisiert sie Sexismus,&nbsp;Marginalisierung, gesellschaftliche&nbsp;Absurdit\u00e4ten und Lebensrealit\u00e4ten&nbsp;mit &hellip; <\/p>\n<p class=\"link-more\"><a href=\"http:\/\/www.kpddrava.at\/?p=19431\" class=\"more-link\"><span class=\"screen-reader-text\">\u201eElsa Logar razstavlja v MMKK v Celovcu &#8211; 1. &#8211; 24. September\u201c<\/span> weiterlesen<\/a><\/p>\n","protected":false},"author":4,"featured_media":19432,"comment_status":"closed","ping_status":"closed","sticky":false,"template":"","format":"standard","meta":{"ngg_post_thumbnail":0,"footnotes":""},"categories":[1],"tags":[],"class_list":["post-19431","post","type-post","status-publish","format-standard","has-post-thumbnail","hentry","category-allgemein"],"_links":{"self":[{"href":"http:\/\/www.kpddrava.at\/index.php?rest_route=\/wp\/v2\/posts\/19431","targetHints":{"allow":["GET"]}}],"collection":[{"href":"http:\/\/www.kpddrava.at\/index.php?rest_route=\/wp\/v2\/posts"}],"about":[{"href":"http:\/\/www.kpddrava.at\/index.php?rest_route=\/wp\/v2\/types\/post"}],"author":[{"embeddable":true,"href":"http:\/\/www.kpddrava.at\/index.php?rest_route=\/wp\/v2\/users\/4"}],"replies":[{"embeddable":true,"href":"http:\/\/www.kpddrava.at\/index.php?rest_route=%2Fwp%2Fv2%2Fcomments&post=19431"}],"version-history":[{"count":4,"href":"http:\/\/www.kpddrava.at\/index.php?rest_route=\/wp\/v2\/posts\/19431\/revisions"}],"predecessor-version":[{"id":19437,"href":"http:\/\/www.kpddrava.at\/index.php?rest_route=\/wp\/v2\/posts\/19431\/revisions\/19437"}],"wp:featuredmedia":[{"embeddable":true,"href":"http:\/\/www.kpddrava.at\/index.php?rest_route=\/wp\/v2\/media\/19432"}],"wp:attachment":[{"href":"http:\/\/www.kpddrava.at\/index.php?rest_route=%2Fwp%2Fv2%2Fmedia&parent=19431"}],"wp:term":[{"taxonomy":"category","embeddable":true,"href":"http:\/\/www.kpddrava.at\/index.php?rest_route=%2Fwp%2Fv2%2Fcategories&post=19431"},{"taxonomy":"post_tag","embeddable":true,"href":"http:\/\/www.kpddrava.at\/index.php?rest_route=%2Fwp%2Fv2%2Ftags&post=19431"}],"curies":[{"name":"wp","href":"https:\/\/api.w.org\/{rel}","templated":true}]}}