{"id":19942,"date":"2023-03-20T10:31:53","date_gmt":"2023-03-20T09:31:53","guid":{"rendered":"http:\/\/www.kpddrava.at\/?p=19942"},"modified":"2023-03-20T10:38:37","modified_gmt":"2023-03-20T09:38:37","slug":"postni-shod-kreuzwegandacht-19-03-2023","status":"publish","type":"post","link":"http:\/\/www.kpddrava.at\/?p=19942","title":{"rendered":"Postni shod &#8211; Kreuzwegandacht 19.03.2023"},"content":{"rendered":"<p>KPD Drava je vabilo v nedeljo zve\u010der na tradicijonalni Postni shod po \u017dvabeku in v farno cerkev pod vodstvom \u017eupnika Mihaela Golav\u010dnik. Predsednik Jokej Logar se je veselil zelo dobrega obiska. Po Postnem shodu je sledilo \u0161e dru\u017eabno sre\u010danje v Hi\u0161i kulture.&nbsp;&nbsp;<\/p>\n<p>Kulturverein lud zur Kreuzwegandacht<\/p>\n<p>Der Kulturverein Drava aus Schwabegg lud am Sonntag Abend zu einer besinnlichen Kreuzwegandacht durch das Dorf und in die Pfarrkirche geleitet vom Pfarrvorsteher Michael Golav\u010dnik. Besonders bewundert wurde das Kinderfastentuch, das der Kulturverein Drava an die Kirche gespendet hat. Musikalisch umrahmt wurde der Kreuzweg vom Chor \u201ePevsko-instrumentalna skupina\u201c unter der Leitung von Vera Sadjak, instrumental begleitet von Olga Lutnik. Vereinsobmann Jakob Logar freute sich \u00fcber den Besuch von Vizeb\u00fcrgermeister Benjamin Malle, Gemeindevorstand Peter Trampusch, Landeskulturpreistr\u00e4ger Engelbert Logar, die Pfarrgemeinderats-Obfrauen Gerti Maurel und Martina Urban, die pensionierten B\u00e4nker Alfred Meklin und Rudi Kontschitsch, der Autor und S\u00e4nger Pepej Krop uvm.<\/p>\n<p>Slike<\/p>\n<p><!--more--><\/p>\nngg_shortcode_0_placeholder\n","protected":false},"excerpt":{"rendered":"<p>KPD Drava je vabilo v nedeljo zve\u010der na tradicijonalni Postni shod po \u017dvabeku in v farno cerkev pod vodstvom \u017eupnika Mihaela Golav\u010dnik. Predsednik Jokej Logar se je veselil zelo dobrega obiska. Po Postnem shodu je sledilo \u0161e dru\u017eabno sre\u010danje v Hi\u0161i kulture.&nbsp;&nbsp; Kulturverein lud zur Kreuzwegandacht Der Kulturverein Drava aus Schwabegg lud am Sonntag Abend &hellip; <\/p>\n<p class=\"link-more\"><a href=\"http:\/\/www.kpddrava.at\/?p=19942\" class=\"more-link\"><span class=\"screen-reader-text\">\u201ePostni shod &#8211; Kreuzwegandacht 19.03.2023\u201c<\/span> weiterlesen<\/a><\/p>\n","protected":false},"author":4,"featured_media":19943,"comment_status":"closed","ping_status":"closed","sticky":false,"template":"","format":"standard","meta":{"ngg_post_thumbnail":0,"footnotes":""},"categories":[1],"tags":[],"class_list":["post-19942","post","type-post","status-publish","format-standard","has-post-thumbnail","hentry","category-allgemein"],"_links":{"self":[{"href":"http:\/\/www.kpddrava.at\/index.php?rest_route=\/wp\/v2\/posts\/19942","targetHints":{"allow":["GET"]}}],"collection":[{"href":"http:\/\/www.kpddrava.at\/index.php?rest_route=\/wp\/v2\/posts"}],"about":[{"href":"http:\/\/www.kpddrava.at\/index.php?rest_route=\/wp\/v2\/types\/post"}],"author":[{"embeddable":true,"href":"http:\/\/www.kpddrava.at\/index.php?rest_route=\/wp\/v2\/users\/4"}],"replies":[{"embeddable":true,"href":"http:\/\/www.kpddrava.at\/index.php?rest_route=%2Fwp%2Fv2%2Fcomments&post=19942"}],"version-history":[{"count":6,"href":"http:\/\/www.kpddrava.at\/index.php?rest_route=\/wp\/v2\/posts\/19942\/revisions"}],"predecessor-version":[{"id":21155,"href":"http:\/\/www.kpddrava.at\/index.php?rest_route=\/wp\/v2\/posts\/19942\/revisions\/21155"}],"wp:featuredmedia":[{"embeddable":true,"href":"http:\/\/www.kpddrava.at\/index.php?rest_route=\/wp\/v2\/media\/19943"}],"wp:attachment":[{"href":"http:\/\/www.kpddrava.at\/index.php?rest_route=%2Fwp%2Fv2%2Fmedia&parent=19942"}],"wp:term":[{"taxonomy":"category","embeddable":true,"href":"http:\/\/www.kpddrava.at\/index.php?rest_route=%2Fwp%2Fv2%2Fcategories&post=19942"},{"taxonomy":"post_tag","embeddable":true,"href":"http:\/\/www.kpddrava.at\/index.php?rest_route=%2Fwp%2Fv2%2Ftags&post=19942"}],"curies":[{"name":"wp","href":"https:\/\/api.w.org\/{rel}","templated":true}]}}