{"id":20244,"date":"2023-06-22T14:20:51","date_gmt":"2023-06-22T12:20:51","guid":{"rendered":"http:\/\/www.kpddrava.at\/?p=20244"},"modified":"2025-01-22T06:54:23","modified_gmt":"2025-01-22T05:54:23","slug":"30-festival-suha-dravograd-2023","status":"publish","type":"post","link":"http:\/\/www.kpddrava.at\/?p=20244","title":{"rendered":"30. FESTIVAL SUHA-DRAVOGRAD 2023"},"content":{"rendered":"<p>Jubil\u00e4ums-Festival Suha-Dravograd \u00b423<\/p>\n<p>\u201eBesser geht\u00b4s nicht \u2026\u201c<\/p>\n<p><em>\u201eIn Dravograd frenetischer Applaus mit zahlreichen Zugaben und auf Schloss Neuhaus\/Suha Standing Ovations zum Schluss. Besser kann es bei einem Musikfestival nicht laufen,\u201c<\/em> schw\u00e4rmt Jokej Logar, S\u00e4nger des Hauptorganisators Oktet Suha. Das <em>Festival Suha-Dravograd \u00b423<\/em> am 16. und 17. Juni 2023 stand auch heuer ganz im Zeichen von qualit\u00e4tvoller und ausgezeichneter europ\u00e4ischer Gesangskultur. Die internationalen musikalischen G\u00e4ste kamen diesmal aus \u00d6sterreich, Slowenien und Kroatien.<\/p>\n<p>Die <em>Vokalgruppe Breznik<\/em> aus Slowenien sch\u00f6pft aus einem ungeheuren Repertoire von tausend Volksliedern und trumpften mit h\u00f6chster Harmonie und besonderem Melos.&nbsp; Die vielfach ausgezeichnete kroatische M\u00e4nner-<em>Klapa Stine<\/em> aus Zagreb \u00fcberzeugte vom Pianissimo bis zum Fortissime mit au\u00dferordentlich pr\u00e4gnanten M\u00e4nnerstimmen und gab einen musikalischen Vorgeschmack auf den bevorstehenden Sommer in Dalmatien. Eine \u00dcberraschung waren <em>Zwo3wir,<\/em> eine gemischte Formation aus dem nieder\u00f6sterreichischen Mostviertel. Mit h\u00f6chster Hingabe und Pr\u00e4zision erz\u00e4hlten sie mit vibrierenden B\u00e4ssen und groovigen Beats sinnlich und leidenschaftlich ihre Geschichten. Das Oktet Suha pr\u00e4sentierte ein vielf\u00e4ltiges neues Programm und erntete tosenden Applaus samt Zugabe. Die Begr\u00fc\u00dfung oblag dem Dravograjski Sekstet sowie der Frauengruppe PIS \u017dvabek. Mit seiner bekannt humorvollen Art f\u00fchrte Danilo Katz locker und souver\u00e4n durch den Abend.<\/p>\n<p><!--more--><\/p>\n<p>Begr\u00fc\u00dft wurden die G\u00e4ste zu Beginn von Hausherrin Eva Liaunig in beiden Landessprachen. B\u00fcrgermeister Patrick Skubel \u00fcberreichte dem Oktet Suha eine Dankurkunde der Gemeinde Neuhaus\/Suha. Schon im Vorfeld des Jubil\u00e4umskonzertes gab es im Schlosshof einen Empfang durch die Familie Liaunig, B\u00fcrgermeister Skubel und das Oktet Suha.<\/p>\n<p>Drei Jahrzehnte Festival Suha haben eine besondere Geschichte:&nbsp;<\/p>\n<p>Aus dem anf\u00e4nglichen Oktett-Treffen im Alpen-Adria-Raum ist ein internationales und vielbeachtetes Kulturfestival geworden.&nbsp; An die hundert Spitzen-Vokalgruppen aus Europa &#8211; von Irland bis zur Ukraine und Russland und von Schweden bis in die T\u00fcrkei, haben in drei Jahrzehnten auf Schloss Neuhaus\/Suha und in Dravograd sich und ihr Lieder und Sprachen pr\u00e4sentiert und dem stets zahlreichen und aufmerksamen Publikum den europ\u00e4ischen Gedanken schmackhaft gemacht. Daf\u00fcr wurde das Festival von der \u00f6sterreichischen Bundesregierung auch aus 90 Kandidaten als Finalist f\u00fcr den begehrten <em>Europa-Staatspreis 2023<\/em> nominiert. Seit 2000 findet das Festival grenz\u00fcberschreitend auch in Dravograd\/Slowenien statt.<\/p>\n<p>Ideengeber und Hauptorganisator des Festivals ist das Oktet Suha, welches weitum und auch international bekannt, sich seit mehr als vier Jahrzehnten um die Pflege und Entwicklung des K\u00e4rntner Singgutes bem\u00fcht. Mitveranstalter sind das Dravograjski sekstet, die Gemeinden Neuhaus\/Suha und Dravograd, der Kulturverein Drava und der Christliche Kulturverband KKZ. Ein besonderer Anziehungspunkt sind auch die Konzert-Locations. In Dravograd die wundersch\u00f6ne und sehr akustische Kirche Sveti Vid und in Neuhaus das Familiendomizil der Familie Liaunig auf Schloss Neuhaus\/Suha. Besonders ist hier wie da auch das Publikum: \u00fcberaus aufmerksam und dankbar.<\/p>\n<p>Ehreng\u00e4ste 2023<\/p>\n<p>Generalkonsul der Republik Slowenien, dr. <strong>Anton Novak, <\/strong>Bundesr\u00e4tin mag. <strong>Claudia Arpa<\/strong>, Rat-Obmann Botschafter Dr.<strong> Valentin Inzko, <\/strong>B\u00fcrgermeister<strong> Patrick Skubel <\/strong>und Vizeb\u00fcrgermeister<strong> Robert Plimon <\/strong>aus Dravograd<strong>,&nbsp; <\/strong>Vizeb\u00fcrgermeister <strong>Christian Souri<\/strong> und <strong>Benjamin Malle,<\/strong> Amtsleiterin <strong>Regina Wiedl<\/strong>, Mag. <strong>Monika Novak-Sabotnik<\/strong> vom Christlichen Kulturverband KKZ, <strong>Benjamin Wakounig, <\/strong>Pr\u00e4sident des slowenischen Wirtschaftsverbandes, Direktorin <strong>Elvira Steindorfer<\/strong> vom Alpen-Adria-Gymnasium V\u00f6lkermarkt, B\u00fcrgermeister und Gr\u00fcndungsmitglied des Oktet Suha, <strong>Heribert Kulmesch <\/strong>aus Zell Pfarre\/Sele fara,<strong>&nbsp; Pfarrvorsteher <\/strong>Geistl. Rat Mag. <strong>Mihael Golav\u010dnik, <\/strong>Kammerrat <strong>\u0160tefan Domej, <\/strong>Primarius Univ. Prof. Dr.<strong> Bernhard Ludvik, <\/strong>Stadtchor Klagenfurt Obmann<strong> Walter Pristovnik, L<\/strong>andeskulturpreistr\u00e4ger dr. <strong>Engelbert Logar, <\/strong>Ehrenb\u00fcrger Prof.<strong> Siegi Hofmann, <\/strong>EL-Obmann <strong>Gabriel,&nbsp; Geopark-Obmann AltBGM Gerhard Visotschnig und LAbg. Franz Jo\u017eef Smrtnik.<\/strong><\/p>\nngg_shortcode_0_placeholder\nngg_shortcode_1_placeholder\n\n\n<p><a href=\"http:\/\/www.kpddrava.at\/wp-content\/uploads\/2024\/06\/BKA_Logo_srgb.png\"><img loading=\"lazy\" decoding=\"async\" class=\"alignnone size-medium wp-image-22345\" src=\"http:\/\/www.kpddrava.at\/wp-content\/uploads\/2024\/06\/BKA_Logo_srgb-300x53.png\" alt=\"\" width=\"300\" height=\"53\" srcset=\"http:\/\/www.kpddrava.at\/wp-content\/uploads\/2024\/06\/BKA_Logo_srgb-300x53.png 300w, http:\/\/www.kpddrava.at\/wp-content\/uploads\/2024\/06\/BKA_Logo_srgb-1024x181.png 1024w, http:\/\/www.kpddrava.at\/wp-content\/uploads\/2024\/06\/BKA_Logo_srgb-768x136.png 768w, http:\/\/www.kpddrava.at\/wp-content\/uploads\/2024\/06\/BKA_Logo_srgb.png 1202w\" sizes=\"auto, (max-width: 300px) 100vw, 300px\" \/><\/a><a href=\"http:\/\/www.kpddrava.at\/wp-content\/uploads\/2023\/06\/plakat_festivalsuha2023_n.jpg\"><img loading=\"lazy\" decoding=\"async\" class=\"alignnone size-medium wp-image-22371\" src=\"http:\/\/www.kpddrava.at\/wp-content\/uploads\/2023\/06\/plakat_festivalsuha2023_n-211x300.jpg\" alt=\"\" width=\"211\" height=\"300\" srcset=\"http:\/\/www.kpddrava.at\/wp-content\/uploads\/2023\/06\/plakat_festivalsuha2023_n-211x300.jpg 211w, http:\/\/www.kpddrava.at\/wp-content\/uploads\/2023\/06\/plakat_festivalsuha2023_n.jpg 665w\" sizes=\"auto, (max-width: 211px) 100vw, 211px\" \/><\/a><\/p>\n","protected":false},"excerpt":{"rendered":"<p>Jubil\u00e4ums-Festival Suha-Dravograd \u00b423 \u201eBesser geht\u00b4s nicht \u2026\u201c \u201eIn Dravograd frenetischer Applaus mit zahlreichen Zugaben und auf Schloss Neuhaus\/Suha Standing Ovations zum Schluss. Besser kann es bei einem Musikfestival nicht laufen,\u201c schw\u00e4rmt Jokej Logar, S\u00e4nger des Hauptorganisators Oktet Suha. Das Festival Suha-Dravograd \u00b423 am 16. und 17. Juni 2023 stand auch heuer ganz im Zeichen von &hellip; <\/p>\n<p class=\"link-more\"><a href=\"http:\/\/www.kpddrava.at\/?p=20244\" class=\"more-link\"><span class=\"screen-reader-text\">\u201e30. FESTIVAL SUHA-DRAVOGRAD 2023\u201c<\/span> weiterlesen<\/a><\/p>\n","protected":false},"author":4,"featured_media":20245,"comment_status":"closed","ping_status":"closed","sticky":false,"template":"","format":"standard","meta":{"ngg_post_thumbnail":0,"footnotes":""},"categories":[1],"tags":[],"class_list":["post-20244","post","type-post","status-publish","format-standard","has-post-thumbnail","hentry","category-allgemein"],"_links":{"self":[{"href":"http:\/\/www.kpddrava.at\/index.php?rest_route=\/wp\/v2\/posts\/20244","targetHints":{"allow":["GET"]}}],"collection":[{"href":"http:\/\/www.kpddrava.at\/index.php?rest_route=\/wp\/v2\/posts"}],"about":[{"href":"http:\/\/www.kpddrava.at\/index.php?rest_route=\/wp\/v2\/types\/post"}],"author":[{"embeddable":true,"href":"http:\/\/www.kpddrava.at\/index.php?rest_route=\/wp\/v2\/users\/4"}],"replies":[{"embeddable":true,"href":"http:\/\/www.kpddrava.at\/index.php?rest_route=%2Fwp%2Fv2%2Fcomments&post=20244"}],"version-history":[{"count":6,"href":"http:\/\/www.kpddrava.at\/index.php?rest_route=\/wp\/v2\/posts\/20244\/revisions"}],"predecessor-version":[{"id":22372,"href":"http:\/\/www.kpddrava.at\/index.php?rest_route=\/wp\/v2\/posts\/20244\/revisions\/22372"}],"wp:featuredmedia":[{"embeddable":true,"href":"http:\/\/www.kpddrava.at\/index.php?rest_route=\/wp\/v2\/media\/20245"}],"wp:attachment":[{"href":"http:\/\/www.kpddrava.at\/index.php?rest_route=%2Fwp%2Fv2%2Fmedia&parent=20244"}],"wp:term":[{"taxonomy":"category","embeddable":true,"href":"http:\/\/www.kpddrava.at\/index.php?rest_route=%2Fwp%2Fv2%2Fcategories&post=20244"},{"taxonomy":"post_tag","embeddable":true,"href":"http:\/\/www.kpddrava.at\/index.php?rest_route=%2Fwp%2Fv2%2Ftags&post=20244"}],"curies":[{"name":"wp","href":"https:\/\/api.w.org\/{rel}","templated":true}]}}