{"id":20289,"date":"2023-07-15T11:50:18","date_gmt":"2023-07-15T09:50:18","guid":{"rendered":"http:\/\/www.kpddrava.at\/?p=20289"},"modified":"2023-07-15T11:50:18","modified_gmt":"2023-07-15T09:50:18","slug":"francej-steharnig-p-d-luckner-80-let","status":"publish","type":"post","link":"http:\/\/www.kpddrava.at\/?p=20289","title":{"rendered":"Francej Steharnig p.d. Luckner &#8211; 80 let"},"content":{"rendered":"<p>Gostilni\u010dar in navdu\u0161en kmet Franz Steharnig je 8. julija 2023 praznoval svoj 80. rojstni dan. Oktet Suha in KPD Drava sta odli\u010dnemu sosedu iskreno \u010destitala.<\/p>\n<p>Mit rund 200 G\u00e4sten feierte der beliebte Land- und Gastwirt, \u00d6konomierat sowie vierfacher Familienvater Franz Steharnig vulgo Luckner aus Schwabegg seinen 80. Geburtstag. Seine Liebe zur Waldwirtschaft gipfelte in der Verleihung des \u00d6konomierates 2000 und dem Staatspreis f\u00fcr Waldwirtschaft 2002. Seine Verdienste f\u00fcr die \u00d6ffentlichkeit w\u00fcrdigten B\u00fcrgermeister Patrick Skubel, Jakob Logar, der Obmann des Kulturvereines Drava, Vizeb\u00fcrgermeister Benjamin Malle und Gemeindevorstand Peter Trampusch. &nbsp;Als Gratulanten stellten sich neben der Familie und den Verwandten zahlreiche Vereine und Gruppen der Gemeinde Neuhaus\/Suha ein. \u201eUnser Vater ist und mit seiner Tatkraft und seinem Engagement ein gro\u00dfes Vorbild\u201c, sagte Tochter Astrid, die seit 1. Mai Gesch\u00e4ftsf\u00fchrerin der \u00d6sterreich Werbung ist, &nbsp;im Namen der Familie. F\u00fcr das leibliche Wohl der G\u00e4ste wurde bestens gesorgt. &nbsp;&nbsp;<\/p>\n","protected":false},"excerpt":{"rendered":"<p>Gostilni\u010dar in navdu\u0161en kmet Franz Steharnig je 8. julija 2023 praznoval svoj 80. rojstni dan. Oktet Suha in KPD Drava sta odli\u010dnemu sosedu iskreno \u010destitala. Mit rund 200 G\u00e4sten feierte der beliebte Land- und Gastwirt, \u00d6konomierat sowie vierfacher Familienvater Franz Steharnig vulgo Luckner aus Schwabegg seinen 80. Geburtstag. Seine Liebe zur Waldwirtschaft gipfelte in der &hellip; <\/p>\n<p class=\"link-more\"><a href=\"http:\/\/www.kpddrava.at\/?p=20289\" class=\"more-link\"><span class=\"screen-reader-text\">\u201eFrancej Steharnig p.d. Luckner &#8211; 80 let\u201c<\/span> weiterlesen<\/a><\/p>\n","protected":false},"author":4,"featured_media":20290,"comment_status":"closed","ping_status":"closed","sticky":false,"template":"","format":"standard","meta":{"ngg_post_thumbnail":0,"footnotes":""},"categories":[1],"tags":[],"class_list":["post-20289","post","type-post","status-publish","format-standard","has-post-thumbnail","hentry","category-allgemein"],"_links":{"self":[{"href":"http:\/\/www.kpddrava.at\/index.php?rest_route=\/wp\/v2\/posts\/20289","targetHints":{"allow":["GET"]}}],"collection":[{"href":"http:\/\/www.kpddrava.at\/index.php?rest_route=\/wp\/v2\/posts"}],"about":[{"href":"http:\/\/www.kpddrava.at\/index.php?rest_route=\/wp\/v2\/types\/post"}],"author":[{"embeddable":true,"href":"http:\/\/www.kpddrava.at\/index.php?rest_route=\/wp\/v2\/users\/4"}],"replies":[{"embeddable":true,"href":"http:\/\/www.kpddrava.at\/index.php?rest_route=%2Fwp%2Fv2%2Fcomments&post=20289"}],"version-history":[{"count":1,"href":"http:\/\/www.kpddrava.at\/index.php?rest_route=\/wp\/v2\/posts\/20289\/revisions"}],"predecessor-version":[{"id":20291,"href":"http:\/\/www.kpddrava.at\/index.php?rest_route=\/wp\/v2\/posts\/20289\/revisions\/20291"}],"wp:featuredmedia":[{"embeddable":true,"href":"http:\/\/www.kpddrava.at\/index.php?rest_route=\/wp\/v2\/media\/20290"}],"wp:attachment":[{"href":"http:\/\/www.kpddrava.at\/index.php?rest_route=%2Fwp%2Fv2%2Fmedia&parent=20289"}],"wp:term":[{"taxonomy":"category","embeddable":true,"href":"http:\/\/www.kpddrava.at\/index.php?rest_route=%2Fwp%2Fv2%2Fcategories&post=20289"},{"taxonomy":"post_tag","embeddable":true,"href":"http:\/\/www.kpddrava.at\/index.php?rest_route=%2Fwp%2Fv2%2Ftags&post=20289"}],"curies":[{"name":"wp","href":"https:\/\/api.w.org\/{rel}","templated":true}]}}