{"id":20293,"date":"2023-07-15T11:52:07","date_gmt":"2023-07-15T09:52:07","guid":{"rendered":"http:\/\/www.kpddrava.at\/?p=20293"},"modified":"2025-01-22T06:49:06","modified_gmt":"2025-01-22T05:49:06","slug":"33-srecanje-pri-stiabarju-na-komlju-prijetno-srecanje-za-vse-generacije","status":"publish","type":"post","link":"http:\/\/www.kpddrava.at\/?p=20293","title":{"rendered":"33. sre\u010danje pri \u0160tiabarju na Komlju: Prijetno sre\u010danje za vse generacije"},"content":{"rendered":"<p>Ve\u010d sto ljudi se je minulo nedeljo,&nbsp; 9. julija, podalo na tradicionalno sre\u010danje pri \u0160tiabarju na nad 1000 m nadmorske vi\u0161ine. Prireditelji so Katoli\u0161ko prosvetno dru\u0161tvo Drava (predsednik Jokej Logar, ki je vodil tudi skozi program), \u017divinorejska zadruga Libu\u010de in okolica (predsednik Jo\u0161ko Nachbar), Skupnost ju\u017enokoro\u0161kih kmetic in kmetov (zborni\u010dni svetnik \u0160tefan Domej) in Katoli\u0161ka otro\u0161ka mladina. Vsi so v nagovorih po\u00adzdravili goste iz Avstrije in bli\u017enje Slovenije, od koder prihaja vsako leto ve\u010d ljudi k \u0160tiabarju. \u00bbNa tem sre\u010danju je \u0161e vidna sloven\u0161\u010dina, medtem ko je drugod skoraj ni ve\u010d in jezik po na\u0161ih vaseh \u0161e naprej izginja, pa \u010deprav nekateri politiki hvalijo dobro vzdu\u0161je v de\u017eeli,\u00ab je na Komlju opomnil Domej. Sre\u010danje se je za\u010delo s sveto ma\u0161o, ki jo je daroval \u017eupnik na Suhi in v \u017dvabeku Miha Golav\u010dnik, pevsko so ma\u0161o sooblikovale pevke Pevsko-instrumentalne skupine \u017dvabek. Za jed in pija\u010do na Komlju je poskrbela gostilna Piko. Priljubljena stalnica je otro\u0161ka olimpijada, otroci so lahko na desetih stojnicah brkljali, ustvarjali umetnine in se \u0161portno udejstvovali. Stojnice je zasnovala Vida Logar, \u010dlani KPD Drava so pomagali otrokom. Vsi so si lahko na koncu izbrali darilo. Med gosti sta bila ob\u010dinski predstojnik na Suhi Peter Trampusch in glasbeni etnolog Engelbert Logar.<\/p>\n<p><strong><a href=\"https:\/\/www.youtube.com\/watch?v=SfHCZPyRBrg\">DoberDanKoro\u0161ka<\/a><\/strong><\/p>\n<p><span class=\"HwtZe\" lang=\"de\"><span class=\"jCAhz ChMk0b\"><span class=\"ryNqvb\">Mehrere Hundert Menschen trafen sich zum Familienfest beim \u0160TIABAR, das auf \u00fcber 1.000m Seeh\u00f6he liegt.<\/span><\/span> KPD-Obmann Jokej Logar be<span class=\"jCAhz ChMk0b\"><span class=\"ryNqvb\">gr\u00fc\u00dften die G\u00e4ste aus \u00d6sterreich und dem benachbarten Slowenien, von wo jedes Jahr mehr Menschen nach \u0160tiabar kommen.<\/span><\/span> <span class=\"jCAhz ChMk0b\"><span class=\"ryNqvb\"><em>\u201eBei diesem Treffen ist Slowenisch noch zu h\u00f6ren, w\u00e4hrend es anderswo fast verschwunden ist und die Sprache in unseren D\u00f6rfern weiter verschwindet, auch wenn einige Politiker das gute Klima im Land loben\u201c,<\/em> erinnerte SJK Obmann Stefan Domej.<\/span><\/span> <span class=\"jCAhz ChMk0b\"><span class=\"ryNqvb\">Das Treffen begann mit einer heiligen Messe, die vom heimischen Pfarrer Miha Golav\u010dnik, zelebriert und von den S\u00e4ngern der Gesangs- und Instrumentalgruppe \u017dvabek gesungen.<\/span><\/span> <span class=\"jCAhz ChMk0b\"><span class=\"ryNqvb\">F\u00fcr Speisen und Getr\u00e4nke sorgte das Gasthaus Piko.<\/span><\/span> <span class=\"jCAhz ChMk0b\"><span class=\"ryNqvb\">Ein beliebter Fixpunkt ist die Kinderolympiade, bei der Kinder an zehn St\u00e4nden st\u00f6bern, basteln, Sport treiben und die slowenische Sprache lernen k\u00f6nnen.<\/span><\/span> <span class=\"jCAhz ChMk0b\"><span class=\"ryNqvb\">Die St\u00e4nde wurden von Vida Logar gestaltet und Mitglieder des KPD Drava leiteten verschiedene kreative Stationen den Kindern.<\/span><\/span> <span class=\"jCAhz ChMk0b\"><span class=\"ryNqvb\">Jeder durfte sich am Ende ein kleines Geschenk aussuchen.<\/span><\/span> <span class=\"jCAhz ChMk0b\"><span class=\"ryNqvb\">Zu den G\u00e4sten z\u00e4hlten unter anderem der Gemeindevorstand Peter Trampusch und der Musikethnologe Dr. Engelbert Logar.<\/span><\/span><\/span><\/p>\n<p>Slike\/Bilder<\/p>\n<p><!--more--><\/p>\nngg_shortcode_0_placeholder\n\n\n<p><a href=\"http:\/\/www.kpddrava.at\/wp-content\/uploads\/2024\/06\/BKA_Logo_srgb.png\"><img loading=\"lazy\" decoding=\"async\" class=\"alignnone size-medium wp-image-22345\" src=\"http:\/\/www.kpddrava.at\/wp-content\/uploads\/2024\/06\/BKA_Logo_srgb-300x53.png\" alt=\"\" width=\"300\" height=\"53\" srcset=\"http:\/\/www.kpddrava.at\/wp-content\/uploads\/2024\/06\/BKA_Logo_srgb-300x53.png 300w, http:\/\/www.kpddrava.at\/wp-content\/uploads\/2024\/06\/BKA_Logo_srgb-1024x181.png 1024w, http:\/\/www.kpddrava.at\/wp-content\/uploads\/2024\/06\/BKA_Logo_srgb-768x136.png 768w, http:\/\/www.kpddrava.at\/wp-content\/uploads\/2024\/06\/BKA_Logo_srgb.png 1202w\" sizes=\"auto, (max-width: 300px) 100vw, 300px\" \/><\/a><\/p>\n<p><a href=\"http:\/\/www.kpddrava.at\/wp-content\/uploads\/2024\/07\/plakatStiebar2023.jpg\"><img loading=\"lazy\" decoding=\"async\" class=\"alignnone size-medium wp-image-22364\" src=\"http:\/\/www.kpddrava.at\/wp-content\/uploads\/2024\/07\/plakatStiebar2023-203x300.jpg\" alt=\"\" width=\"203\" height=\"300\" srcset=\"http:\/\/www.kpddrava.at\/wp-content\/uploads\/2024\/07\/plakatStiebar2023-203x300.jpg 203w, http:\/\/www.kpddrava.at\/wp-content\/uploads\/2024\/07\/plakatStiebar2023-693x1024.jpg 693w, http:\/\/www.kpddrava.at\/wp-content\/uploads\/2024\/07\/plakatStiebar2023-768x1136.jpg 768w, http:\/\/www.kpddrava.at\/wp-content\/uploads\/2024\/07\/plakatStiebar2023-1039x1536.jpg 1039w, http:\/\/www.kpddrava.at\/wp-content\/uploads\/2024\/07\/plakatStiebar2023.jpg 1385w\" sizes=\"auto, (max-width: 203px) 100vw, 203px\" \/><\/a><\/p>\n","protected":false},"excerpt":{"rendered":"<p>Ve\u010d sto ljudi se je minulo nedeljo,&nbsp; 9. julija, podalo na tradicionalno sre\u010danje pri \u0160tiabarju na nad 1000 m nadmorske vi\u0161ine. Prireditelji so Katoli\u0161ko prosvetno dru\u0161tvo Drava (predsednik Jokej Logar, ki je vodil tudi skozi program), \u017divinorejska zadruga Libu\u010de in okolica (predsednik Jo\u0161ko Nachbar), Skupnost ju\u017enokoro\u0161kih kmetic in kmetov (zborni\u010dni svetnik \u0160tefan Domej) in Katoli\u0161ka &hellip; <\/p>\n<p class=\"link-more\"><a href=\"http:\/\/www.kpddrava.at\/?p=20293\" class=\"more-link\"><span class=\"screen-reader-text\">\u201e33. sre\u010danje pri \u0160tiabarju na Komlju: Prijetno sre\u010danje za vse generacije\u201c<\/span> weiterlesen<\/a><\/p>\n","protected":false},"author":4,"featured_media":20294,"comment_status":"closed","ping_status":"closed","sticky":false,"template":"","format":"standard","meta":{"ngg_post_thumbnail":0,"footnotes":""},"categories":[1],"tags":[],"class_list":["post-20293","post","type-post","status-publish","format-standard","has-post-thumbnail","hentry","category-allgemein"],"_links":{"self":[{"href":"http:\/\/www.kpddrava.at\/index.php?rest_route=\/wp\/v2\/posts\/20293","targetHints":{"allow":["GET"]}}],"collection":[{"href":"http:\/\/www.kpddrava.at\/index.php?rest_route=\/wp\/v2\/posts"}],"about":[{"href":"http:\/\/www.kpddrava.at\/index.php?rest_route=\/wp\/v2\/types\/post"}],"author":[{"embeddable":true,"href":"http:\/\/www.kpddrava.at\/index.php?rest_route=\/wp\/v2\/users\/4"}],"replies":[{"embeddable":true,"href":"http:\/\/www.kpddrava.at\/index.php?rest_route=%2Fwp%2Fv2%2Fcomments&post=20293"}],"version-history":[{"count":8,"href":"http:\/\/www.kpddrava.at\/index.php?rest_route=\/wp\/v2\/posts\/20293\/revisions"}],"predecessor-version":[{"id":22367,"href":"http:\/\/www.kpddrava.at\/index.php?rest_route=\/wp\/v2\/posts\/20293\/revisions\/22367"}],"wp:featuredmedia":[{"embeddable":true,"href":"http:\/\/www.kpddrava.at\/index.php?rest_route=\/wp\/v2\/media\/20294"}],"wp:attachment":[{"href":"http:\/\/www.kpddrava.at\/index.php?rest_route=%2Fwp%2Fv2%2Fmedia&parent=20293"}],"wp:term":[{"taxonomy":"category","embeddable":true,"href":"http:\/\/www.kpddrava.at\/index.php?rest_route=%2Fwp%2Fv2%2Fcategories&post=20293"},{"taxonomy":"post_tag","embeddable":true,"href":"http:\/\/www.kpddrava.at\/index.php?rest_route=%2Fwp%2Fv2%2Ftags&post=20293"}],"curies":[{"name":"wp","href":"https:\/\/api.w.org\/{rel}","templated":true}]}}