{"id":20434,"date":"2023-09-17T15:07:52","date_gmt":"2023-09-17T13:07:52","guid":{"rendered":"http:\/\/www.kpddrava.at\/?p=20434"},"modified":"2023-10-05T17:45:40","modified_gmt":"2023-10-05T15:45:40","slug":"cuti-emo-razstava-v-hisi-kulture","status":"publish","type":"post","link":"http:\/\/www.kpddrava.at\/?p=20434","title":{"rendered":"\u010cUTI.EMO &#8211; Razstava v Hi\u0161i kulture"},"content":{"rendered":"<p><strong>Odprtje razstave v Hi\u0161i kulture<\/strong><\/p>\n<p>Hi\u0161a kulture v \u017dvabeku je bila nabito polna, ko je umetnik Emil Oman EMO predstavil svoje nove slike, ki bodo v hi\u0161i na ogled do 15. novembra. Odprtje je potekalo v okviru projekta UMETNOST.\u010cUTI.SUHA ob\u010dine Suha in je bilo del tednov pod geslom AJDA.UMETNOST.KULTURA. Umetnika je na zelo posre\u010den na\u010din predstavila Victoria Meklin, glasbeno je prispevala Pevsko-instrumentalna skupina pod vodstvom Vere Sadjak. Glasbenik Jokej Randeu pa je ob koncu \u0161e zaigral pesem \u201cDomovina\u201d, katero je cela dvorana zapela. Zanimivo razstavo je otvoril su\u0161ki \u017eupan Patrick Skubel. Za dobro hrano sta poskrbela Franz in \u0160tefka Hirm. Obiskovalci so se zabavali pozno v no\u010d. Med gosti so bili \u017eupnik Miha Golav\u010dnik, profesor Arthur Ottowitz, ob\u010dinski predstojnik Peter Trampusch, pod\u017eupan Benedikt Malle, ob\u010dinski odbornik Marko Kumer, kulturni referent Reinhold Jamer, Lions Club Pliberk, Geopark prezident Gerhard Visotschnig, gostilni\u010dar Franz Steharnig, Hans Kaiser, predsednik prijateljev lova, umetniki Helmut Bla\u017eej, Herlinde Sander, Siegi Kulterer, Christine Meklin-Sumnitsch, Hermann Bre\u010dko, Gregej Kri\u0161tof \u2026<\/p>\n<p><strong>Ausstellungser\u00f6ffnung im Haus der Kultur &#8211; EMO<\/strong><\/p>\n<p>Am Samstag wurde im Haus der Kultur\/Hi\u0161a kulture in Schwabegg die Ausstellung von Emil Oman (EMO) feierlich er\u00f6ffnet. Das Kulturhaus war bis auf den letzten Platz gef\u00fcllt. Den K\u00fcnstler stellte Victoria Meklin vor, durch das Programm f\u00fchrte der Obmann des Kulturvereines Drava Jakob Logar.<\/p>\n<p>Musikalisch umrahmt wurde die viel beachtete Vernissage durch den Chor &#8222;Pevsko-instrumentalna skupina&#8220; unter der Leitung von Vera Sadjak sowie vom Musiker Jakob Randeu. Die Ausstellung, die im Rahmen der KunstSinnNeuhaus Wochen der Gemeinde l\u00e4uft, er\u00f6ffnete B\u00fcrgermeister Patrick Skubel. Die Ausstellungser\u00f6ffnung besuchten Pfarrer Michael Golav\u010dnik, Professor Arthur Ottowitz, Richter Franz Boschitz, der Steuerberater Hermann Klokar, Vizeb\u00fcrgermeister Benjamin Malle, Gemeindevorstand Peter Trampusch, Kulturreferent Reinhold Jamer, Gemeinderat Marko Kumer, Geopark Pr\u00e4sident Gerhard Visotschnig, der Gastwirt Franz Steharnig, die K\u00fcnstler Herlinde Sander, Helmut Bla\u017eej, Siegi Kulterer, Christine Meklin-Sumnitsch, Hermann Bre\u010dko, Gregej Kri\u0161tof, &#8230;<\/p>\n<p>Die Ausstellung ist bis 15. November zu besichtigen.<\/p>\n<p><a href=\"http:\/\/www.kpddrava.at\/wp-content\/uploads\/2023\/09\/Blazej_logo2_dvoj.jpg\"><img loading=\"lazy\" decoding=\"async\" class=\"alignnone size-large wp-image-20555\" src=\"http:\/\/www.kpddrava.at\/wp-content\/uploads\/2023\/09\/Blazej_logo2_dvoj-1024x414.jpg\" alt=\"\" width=\"525\" height=\"212\" srcset=\"http:\/\/www.kpddrava.at\/wp-content\/uploads\/2023\/09\/Blazej_logo2_dvoj-1024x414.jpg 1024w, http:\/\/www.kpddrava.at\/wp-content\/uploads\/2023\/09\/Blazej_logo2_dvoj-300x121.jpg 300w, http:\/\/www.kpddrava.at\/wp-content\/uploads\/2023\/09\/Blazej_logo2_dvoj-768x310.jpg 768w, http:\/\/www.kpddrava.at\/wp-content\/uploads\/2023\/09\/Blazej_logo2_dvoj.jpg 1280w\" sizes=\"auto, (max-width: 525px) 100vw, 525px\" \/><\/a><\/p>\n","protected":false},"excerpt":{"rendered":"<p>Odprtje razstave v Hi\u0161i kulture Hi\u0161a kulture v \u017dvabeku je bila nabito polna, ko je umetnik Emil Oman EMO predstavil svoje nove slike, ki bodo v hi\u0161i na ogled do 15. novembra. Odprtje je potekalo v okviru projekta UMETNOST.\u010cUTI.SUHA ob\u010dine Suha in je bilo del tednov pod geslom AJDA.UMETNOST.KULTURA. Umetnika je na zelo posre\u010den na\u010din &hellip; <\/p>\n<p class=\"link-more\"><a href=\"http:\/\/www.kpddrava.at\/?p=20434\" class=\"more-link\"><span class=\"screen-reader-text\">\u201e\u010cUTI.EMO &#8211; Razstava v Hi\u0161i kulture\u201c<\/span> weiterlesen<\/a><\/p>\n","protected":false},"author":4,"featured_media":20447,"comment_status":"closed","ping_status":"closed","sticky":false,"template":"","format":"standard","meta":{"ngg_post_thumbnail":0,"footnotes":""},"categories":[1],"tags":[],"class_list":["post-20434","post","type-post","status-publish","format-standard","has-post-thumbnail","hentry","category-allgemein"],"_links":{"self":[{"href":"http:\/\/www.kpddrava.at\/index.php?rest_route=\/wp\/v2\/posts\/20434","targetHints":{"allow":["GET"]}}],"collection":[{"href":"http:\/\/www.kpddrava.at\/index.php?rest_route=\/wp\/v2\/posts"}],"about":[{"href":"http:\/\/www.kpddrava.at\/index.php?rest_route=\/wp\/v2\/types\/post"}],"author":[{"embeddable":true,"href":"http:\/\/www.kpddrava.at\/index.php?rest_route=\/wp\/v2\/users\/4"}],"replies":[{"embeddable":true,"href":"http:\/\/www.kpddrava.at\/index.php?rest_route=%2Fwp%2Fv2%2Fcomments&post=20434"}],"version-history":[{"count":6,"href":"http:\/\/www.kpddrava.at\/index.php?rest_route=\/wp\/v2\/posts\/20434\/revisions"}],"predecessor-version":[{"id":20445,"href":"http:\/\/www.kpddrava.at\/index.php?rest_route=\/wp\/v2\/posts\/20434\/revisions\/20445"}],"wp:featuredmedia":[{"embeddable":true,"href":"http:\/\/www.kpddrava.at\/index.php?rest_route=\/wp\/v2\/media\/20447"}],"wp:attachment":[{"href":"http:\/\/www.kpddrava.at\/index.php?rest_route=%2Fwp%2Fv2%2Fmedia&parent=20434"}],"wp:term":[{"taxonomy":"category","embeddable":true,"href":"http:\/\/www.kpddrava.at\/index.php?rest_route=%2Fwp%2Fv2%2Fcategories&post=20434"},{"taxonomy":"post_tag","embeddable":true,"href":"http:\/\/www.kpddrava.at\/index.php?rest_route=%2Fwp%2Fv2%2Ftags&post=20434"}],"curies":[{"name":"wp","href":"https:\/\/api.w.org\/{rel}","templated":true}]}}