{"id":209,"date":"2011-07-17T07:37:39","date_gmt":"2011-07-17T07:37:39","guid":{"rendered":"http:\/\/www.kpddrava.at\/?p=209"},"modified":"2011-08-09T12:07:38","modified_gmt":"2011-08-09T12:07:38","slug":"vizarji-volksmusikanten","status":"publish","type":"post","link":"http:\/\/www.kpddrava.at\/?p=209","title":{"rendered":"VI\u017dARJI &#8211; VOLKSMUSIKANTEN"},"content":{"rendered":"<p>Tudi letos je KPD Drava vabilo na tradicionalno mednarodno SRE\u010cANJE VI\u017dARJEV na Sveto mesto nad \u017dvabekom.\u00a0Okoli 50 vi\u017earjev in vi\u017eark\u00a0je do konca navdu\u0161ilo na stotine\u00a0poslu\u0161alcev. Posebno \u010dudovit je tudi ambient na travniku pod Marijinem sveti\u0161\u010du.<\/p>\n<p>Mehr als 50 Volksmusikanten aus K\u00e4rnten und Slowenien spielten am vergangenen Sonntag, dem 7. August\u00a0in Heiligenstadt\/Sveto mesto\u00a0auf. Das erfolgreiche Musikantentreffen, organisiert vom Kulturverein Drava, fand zum 23. Mal statt. Durch das Programm, dem mehr als 400 G\u00e4ste folgten, f\u00fchrte Jokej Logar.\u00a0Er konnte auch zahlreiche Lokalmatadore begr\u00fc\u00dfen, wie Pepej Krop, Jakob Randev, Ernst Koletnik, Fritz Poto\u010dnik, Franz Weitzer, Stefan Kolenik sowie die in K\u00e4rnten \u00fcber den ORF bestens bekannte Francka Mlekusch aus Villach. Ehreng\u00e4ste waren B\u00fcrgermeister Gerhard Visotschnig, Rats-Vizeobmann Danilo Katz,\u00a0 der<br \/>\nChoreograph Johann Kresnik, \u00d6konomierat Fric Kumer, die Unternehmer Walter Ferk und Adolf Krivograd, der Ethnologe Engelbert Logar, die Gastwirte Albert Smre\u010dnik und Maria Skubel, Bankdirektor i. R. Rudi Kontschitsch sowie\u00a0Gemeinderat Benjamin Malle.<\/p>\n","protected":false},"excerpt":{"rendered":"<p>Tudi letos je KPD Drava vabilo na tradicionalno mednarodno SRE\u010cANJE VI\u017dARJEV na Sveto mesto nad \u017dvabekom.\u00a0Okoli 50 vi\u017earjev in vi\u017eark\u00a0je do konca navdu\u0161ilo na stotine\u00a0poslu\u0161alcev. Posebno \u010dudovit je tudi ambient na travniku pod Marijinem sveti\u0161\u010du. Mehr als 50 Volksmusikanten aus K\u00e4rnten und Slowenien spielten am vergangenen Sonntag, dem 7. August\u00a0in Heiligenstadt\/Sveto mesto\u00a0auf. Das erfolgreiche Musikantentreffen, &hellip; <\/p>\n<p class=\"link-more\"><a href=\"http:\/\/www.kpddrava.at\/?p=209\" class=\"more-link\"><span class=\"screen-reader-text\">\u201eVI\u017dARJI &#8211; VOLKSMUSIKANTEN\u201c<\/span> weiterlesen<\/a><\/p>\n","protected":false},"author":4,"featured_media":211,"comment_status":"open","ping_status":"open","sticky":false,"template":"","format":"standard","meta":{"ngg_post_thumbnail":0,"footnotes":""},"categories":[1],"tags":[],"class_list":["post-209","post","type-post","status-publish","format-standard","has-post-thumbnail","hentry","category-allgemein"],"_links":{"self":[{"href":"http:\/\/www.kpddrava.at\/index.php?rest_route=\/wp\/v2\/posts\/209","targetHints":{"allow":["GET"]}}],"collection":[{"href":"http:\/\/www.kpddrava.at\/index.php?rest_route=\/wp\/v2\/posts"}],"about":[{"href":"http:\/\/www.kpddrava.at\/index.php?rest_route=\/wp\/v2\/types\/post"}],"author":[{"embeddable":true,"href":"http:\/\/www.kpddrava.at\/index.php?rest_route=\/wp\/v2\/users\/4"}],"replies":[{"embeddable":true,"href":"http:\/\/www.kpddrava.at\/index.php?rest_route=%2Fwp%2Fv2%2Fcomments&post=209"}],"version-history":[{"count":6,"href":"http:\/\/www.kpddrava.at\/index.php?rest_route=\/wp\/v2\/posts\/209\/revisions"}],"predecessor-version":[{"id":507,"href":"http:\/\/www.kpddrava.at\/index.php?rest_route=\/wp\/v2\/posts\/209\/revisions\/507"}],"wp:featuredmedia":[{"embeddable":true,"href":"http:\/\/www.kpddrava.at\/index.php?rest_route=\/wp\/v2\/media\/211"}],"wp:attachment":[{"href":"http:\/\/www.kpddrava.at\/index.php?rest_route=%2Fwp%2Fv2%2Fmedia&parent=209"}],"wp:term":[{"taxonomy":"category","embeddable":true,"href":"http:\/\/www.kpddrava.at\/index.php?rest_route=%2Fwp%2Fv2%2Fcategories&post=209"},{"taxonomy":"post_tag","embeddable":true,"href":"http:\/\/www.kpddrava.at\/index.php?rest_route=%2Fwp%2Fv2%2Ftags&post=209"}],"curies":[{"name":"wp","href":"https:\/\/api.w.org\/{rel}","templated":true}]}}