{"id":21463,"date":"2024-03-28T15:12:14","date_gmt":"2024-03-28T14:12:14","guid":{"rendered":"http:\/\/www.kpddrava.at\/?p=21463"},"modified":"2024-03-30T10:52:44","modified_gmt":"2024-03-30T09:52:44","slug":"oktet-suha-navdusil-na-prevaljah","status":"publish","type":"post","link":"http:\/\/www.kpddrava.at\/?p=21463","title":{"rendered":"Oktet Suha navdu\u0161il na Prevaljah"},"content":{"rendered":"\n<p>V nedeljo, 17. marca 2024 se je Oktet Suha udele\u017eil tradicionalne pevske revije Od Pliberka do Traberka. Nastop je bil v Dru\u017ebenem domu Prevalje, udele\u017eil pa se je poleg \u0161tevilnih skupin iz Slovenije tudi MePZ Podjuna Pliberk. Celoten koncert je bil posnet za televizijo. Povezavo najdete TUKAJ.<\/p>\n<p>Das Oktet Suha gastierte am 17.3.2025 im Rahmen der Chorrevue Od Pliberka do Traberka im Kulturhaus Dru\u017ebeni dom Prevalje. Neben weiteren Gruppen aus Slowenien war auch der Chor Podjuna aus Bleiburg\/Pliberk mit dabei. Das Konzert wurde f\u00fcr das Fernsehen aufgezeichnet. Den Link gibt es HIER.<\/p>\n<p><a href=\"http:\/\/www.kpddrava.at\/wp-content\/uploads\/2024\/03\/IMG_6616-scaled.jpg\"><img loading=\"lazy\" decoding=\"async\" class=\"alignnone size-large wp-image-21467\" src=\"http:\/\/www.kpddrava.at\/wp-content\/uploads\/2024\/03\/IMG_6616-1024x768.jpg\" alt=\"\" width=\"525\" height=\"394\" srcset=\"http:\/\/www.kpddrava.at\/wp-content\/uploads\/2024\/03\/IMG_6616-1024x768.jpg 1024w, http:\/\/www.kpddrava.at\/wp-content\/uploads\/2024\/03\/IMG_6616-300x225.jpg 300w, http:\/\/www.kpddrava.at\/wp-content\/uploads\/2024\/03\/IMG_6616-768x576.jpg 768w, http:\/\/www.kpddrava.at\/wp-content\/uploads\/2024\/03\/IMG_6616-1536x1152.jpg 1536w, http:\/\/www.kpddrava.at\/wp-content\/uploads\/2024\/03\/IMG_6616-2048x1536.jpg 2048w\" sizes=\"auto, (max-width: 525px) 100vw, 525px\" \/><\/a><\/p>\n\n\n\n<figure class=\"wp-block-image size-large\"><a href=\"http:\/\/www.kpddrava.at\/wp-content\/uploads\/2024\/03\/IMG_6633-scaled.jpg\"><img loading=\"lazy\" decoding=\"async\" width=\"1024\" height=\"633\" src=\"http:\/\/www.kpddrava.at\/wp-content\/uploads\/2024\/03\/IMG_6633-1024x633.jpg\" alt=\"\" class=\"wp-image-21469\" srcset=\"http:\/\/www.kpddrava.at\/wp-content\/uploads\/2024\/03\/IMG_6633-1024x633.jpg 1024w, http:\/\/www.kpddrava.at\/wp-content\/uploads\/2024\/03\/IMG_6633-300x185.jpg 300w, http:\/\/www.kpddrava.at\/wp-content\/uploads\/2024\/03\/IMG_6633-768x475.jpg 768w, http:\/\/www.kpddrava.at\/wp-content\/uploads\/2024\/03\/IMG_6633-1536x949.jpg 1536w, http:\/\/www.kpddrava.at\/wp-content\/uploads\/2024\/03\/IMG_6633-2048x1266.jpg 2048w\" sizes=\"auto, (max-width: 767px) 89vw, (max-width: 1000px) 54vw, (max-width: 1071px) 543px, 580px\" \/><\/a><\/figure>\n\n\n\n<figure class=\"wp-block-image size-large\"><a href=\"http:\/\/www.kpddrava.at\/wp-content\/uploads\/2024\/03\/IMG_6644-MIN.jpg\"><img loading=\"lazy\" decoding=\"async\" width=\"1024\" height=\"768\" src=\"http:\/\/www.kpddrava.at\/wp-content\/uploads\/2024\/03\/IMG_6644-MIN-1024x768.jpg\" alt=\"\" class=\"wp-image-21470\" srcset=\"http:\/\/www.kpddrava.at\/wp-content\/uploads\/2024\/03\/IMG_6644-MIN-1024x768.jpg 1024w, http:\/\/www.kpddrava.at\/wp-content\/uploads\/2024\/03\/IMG_6644-MIN-300x225.jpg 300w, http:\/\/www.kpddrava.at\/wp-content\/uploads\/2024\/03\/IMG_6644-MIN-768x576.jpg 768w, http:\/\/www.kpddrava.at\/wp-content\/uploads\/2024\/03\/IMG_6644-MIN-1536x1152.jpg 1536w, http:\/\/www.kpddrava.at\/wp-content\/uploads\/2024\/03\/IMG_6644-MIN.jpg 2000w\" sizes=\"auto, (max-width: 767px) 89vw, (max-width: 1000px) 54vw, (max-width: 1071px) 543px, 580px\" \/><\/a><\/figure>\n\n\n","protected":false},"excerpt":{"rendered":"<p>V nedeljo, 17. marca 2024 se je Oktet Suha udele\u017eil tradicionalne pevske revije Od Pliberka do Traberka. Nastop je bil v Dru\u017ebenem domu Prevalje, udele\u017eil pa se je poleg \u0161tevilnih skupin iz Slovenije tudi MePZ Podjuna Pliberk. Celoten koncert je bil posnet za televizijo. Povezavo najdete TUKAJ. Das Oktet Suha gastierte am 17.3.2025 im Rahmen &hellip; <\/p>\n<p class=\"link-more\"><a href=\"http:\/\/www.kpddrava.at\/?p=21463\" class=\"more-link\"><span class=\"screen-reader-text\">\u201eOktet Suha navdu\u0161il na Prevaljah\u201c<\/span> weiterlesen<\/a><\/p>\n","protected":false},"author":4,"featured_media":0,"comment_status":"closed","ping_status":"","sticky":false,"template":"","format":"standard","meta":{"ngg_post_thumbnail":0,"footnotes":""},"categories":[1],"tags":[],"class_list":["post-21463","post","type-post","status-publish","format-standard","hentry","category-allgemein"],"_links":{"self":[{"href":"http:\/\/www.kpddrava.at\/index.php?rest_route=\/wp\/v2\/posts\/21463","targetHints":{"allow":["GET"]}}],"collection":[{"href":"http:\/\/www.kpddrava.at\/index.php?rest_route=\/wp\/v2\/posts"}],"about":[{"href":"http:\/\/www.kpddrava.at\/index.php?rest_route=\/wp\/v2\/types\/post"}],"author":[{"embeddable":true,"href":"http:\/\/www.kpddrava.at\/index.php?rest_route=\/wp\/v2\/users\/4"}],"replies":[{"embeddable":true,"href":"http:\/\/www.kpddrava.at\/index.php?rest_route=%2Fwp%2Fv2%2Fcomments&post=21463"}],"version-history":[{"count":5,"href":"http:\/\/www.kpddrava.at\/index.php?rest_route=\/wp\/v2\/posts\/21463\/revisions"}],"predecessor-version":[{"id":21477,"href":"http:\/\/www.kpddrava.at\/index.php?rest_route=\/wp\/v2\/posts\/21463\/revisions\/21477"}],"wp:attachment":[{"href":"http:\/\/www.kpddrava.at\/index.php?rest_route=%2Fwp%2Fv2%2Fmedia&parent=21463"}],"wp:term":[{"taxonomy":"category","embeddable":true,"href":"http:\/\/www.kpddrava.at\/index.php?rest_route=%2Fwp%2Fv2%2Fcategories&post=21463"},{"taxonomy":"post_tag","embeddable":true,"href":"http:\/\/www.kpddrava.at\/index.php?rest_route=%2Fwp%2Fv2%2Ftags&post=21463"}],"curies":[{"name":"wp","href":"https:\/\/api.w.org\/{rel}","templated":true}]}}