{"id":22102,"date":"2024-11-12T18:34:27","date_gmt":"2024-11-12T17:34:27","guid":{"rendered":"http:\/\/www.kpddrava.at\/?p=22102"},"modified":"2024-11-17T20:51:56","modified_gmt":"2024-11-17T19:51:56","slug":"jesenski-koncert-koroski-vecer-herbstkonzert-orig-kaerntnerabend","status":"publish","type":"post","link":"http:\/\/www.kpddrava.at\/?p=22102","title":{"rendered":"Jesenski koncert &#038; Koro\u0161ki ve\u010der | Herbstkonzert &#038; orig. K\u00e4rntner Abend"},"content":{"rendered":"\n<p><a href=\"http:\/\/www.kpddrava.at\/wp-content\/uploads\/2024\/11\/plakat-2024.jpg\"><img loading=\"lazy\" decoding=\"async\" class=\"alignnone wp-image-22107 size-large\" src=\"http:\/\/www.kpddrava.at\/wp-content\/uploads\/2024\/11\/plakat-2024-737x1024.jpg\" alt=\"\" width=\"525\" height=\"729\" srcset=\"http:\/\/www.kpddrava.at\/wp-content\/uploads\/2024\/11\/plakat-2024-737x1024.jpg 737w, http:\/\/www.kpddrava.at\/wp-content\/uploads\/2024\/11\/plakat-2024-216x300.jpg 216w, http:\/\/www.kpddrava.at\/wp-content\/uploads\/2024\/11\/plakat-2024-768x1068.jpg 768w, http:\/\/www.kpddrava.at\/wp-content\/uploads\/2024\/11\/plakat-2024-1105x1536.jpg 1105w, http:\/\/www.kpddrava.at\/wp-content\/uploads\/2024\/11\/plakat-2024.jpg 1473w\" sizes=\"auto, (max-width: 525px) 100vw, 525px\" \/><\/a><\/p>\n<p>Na prav poseben Jesenski koncert &amp; originalni Koro\u0161ki ve\u010der v soboto, 23. Novembra vabi KPD Drava. Poleg doma\u010dih skupin <strong>S.A.N.J.E<\/strong> s Suhe, <strong>PIS \u017dvabek<\/strong> in <strong>Okteta Suha<\/strong> bosta na\u0161a gosta dva leto\u0161nja jubilanta, skupina&nbsp;<strong>VOCS\u00b4it<\/strong> iz \u017ditare vasi ter<strong> Pevsko dru\u0161tvo Lipa iz Velikovca.&nbsp;<\/strong><\/p>\n<p><a href=\"http:\/\/www.kpddrava.at\/wp-content\/uploads\/2024\/11\/VOCSit-mala-2.jpg\"><img loading=\"lazy\" decoding=\"async\" class=\"alignright wp-image-22105 size-medium\" src=\"http:\/\/www.kpddrava.at\/wp-content\/uploads\/2024\/11\/VOCSit-mala-2-300x215.jpg\" alt=\"\" width=\"300\" height=\"215\" srcset=\"http:\/\/www.kpddrava.at\/wp-content\/uploads\/2024\/11\/VOCSit-mala-2-300x215.jpg 300w, http:\/\/www.kpddrava.at\/wp-content\/uploads\/2024\/11\/VOCSit-mala-2-1024x734.jpg 1024w, http:\/\/www.kpddrava.at\/wp-content\/uploads\/2024\/11\/VOCSit-mala-2-768x551.jpg 768w, http:\/\/www.kpddrava.at\/wp-content\/uploads\/2024\/11\/VOCSit-mala-2.jpg 1280w\" sizes=\"auto, (max-width: 300px) 100vw, 300px\" \/><\/a><strong>Skupino <\/strong><strong>VOCS\u00b4it<\/strong> sestavljajo Viktoria Tanzer-Marold, Anja Marold, Christoph Tanzer in Martin Bierbaumer. Pred nedavnim so v svojem doma\u010dem kraju obhajali 10-letnico obstoja. Pojeje duhovne in posvetne, ljudske pesmi in popevke, vse v posebnih priredbah.<\/p>\n<p><a href=\"http:\/\/www.kpddrava.at\/wp-content\/uploads\/2024\/11\/lipagrebinj\u00a9DamijanSmrecnik005-2-scaled.jpg\"><img loading=\"lazy\" decoding=\"async\" class=\"alignright wp-image-22104 size-large\" src=\"http:\/\/www.kpddrava.at\/wp-content\/uploads\/2024\/11\/lipagrebinj\u00a9DamijanSmrecnik005-2-1024x683.jpg\" alt=\"\" width=\"525\" height=\"350\" srcset=\"http:\/\/www.kpddrava.at\/wp-content\/uploads\/2024\/11\/lipagrebinj\u00a9DamijanSmrecnik005-2-1024x683.jpg 1024w, http:\/\/www.kpddrava.at\/wp-content\/uploads\/2024\/11\/lipagrebinj\u00a9DamijanSmrecnik005-2-300x200.jpg 300w, http:\/\/www.kpddrava.at\/wp-content\/uploads\/2024\/11\/lipagrebinj\u00a9DamijanSmrecnik005-2-768x512.jpg 768w, http:\/\/www.kpddrava.at\/wp-content\/uploads\/2024\/11\/lipagrebinj\u00a9DamijanSmrecnik005-2-1536x1024.jpg 1536w, http:\/\/www.kpddrava.at\/wp-content\/uploads\/2024\/11\/lipagrebinj\u00a9DamijanSmrecnik005-2-2048x1366.jpg 2048w\" sizes=\"auto, (max-width: 525px) 100vw, 525px\" \/><\/a>Pevsko dru\u0161tvo LIPA iz Velikovca pa je pravtako letos obhajalo 50. obletnico ponovne ustanovitve slovenskega dru\u0161tva v okrajnem glavnem mestu. Tvori ga pribli\u017eno 20 pevk in pevcev iz okolice Velikovca pod vodstvom Dominika Hudl.<\/p>\n<p>Kompletirali bodo ve\u010der doma\u010di sestavi, skupina Sanje s Suhe, ki jo vodi dr. Engelbert Logar, Oktet Suha z umetni\u0161ko vodjo Iztokom Kocen ter gostiteljica ve\u010dera, Pevsko-instrumentalna skupina \u017dvabek pod taktirko Vere Sadjak. Lahko se veselimo kvalitetnega kulturnega ve\u010dera prve vrste!<\/p>\n<p>Ein Original K\u00e4rntner Abend mit gleich zwei jubilierenden Gastgruppen, dem gemischten Quartett&nbsp;<strong>VOCS\u00b4it<\/strong> aus Sittersdorf\/\u017ditara vas und dem gemischten Chor <strong>LIPA<\/strong> aus V\u00f6lkermarkt\/Velikovec verspricht zu einem Herbstkonzert der besonderen Klasse zu werden. <strong>VOCS\u00b4it<\/strong> haben heuer ihr 10-j\u00e4hriges Bestehen mit einem tollen Konzert vor heimischem Publikum gefeiert. LIPA wiederum gedachte des Wiedererstehens des gleichnamigen Kulturvereines in der Bezirkshaupstadt vor 50 Jahren. Gegr\u00fcndet um 1906, wurde der Verein von den Nazis liquidiert und konnte erst ab 1974 wieder aktiv werden.&nbsp;<\/p>\n<p>Nat\u00fcrlich werden auch die heimischen Kulturgruppen &#8211; skupina <strong>Sanje, PIS \u017dvabek<\/strong> und das <strong>Oktet Suha<\/strong> &#8211; ihr Bestes geben, um sich in die Herzen der Zuh\u00f6rer zu singen und zu musizieren.<\/p>\n<p><strong>Alle sind herzlich zum Konzert eingeladen. <\/strong><\/p>\n<p><strong>Vsi ste prisr\u010dno vabljeni. <\/strong><\/p>\n","protected":false},"excerpt":{"rendered":"<p>Na prav poseben Jesenski koncert &amp; originalni Koro\u0161ki ve\u010der v soboto, 23. Novembra vabi KPD Drava. Poleg doma\u010dih skupin S.A.N.J.E s Suhe, PIS \u017dvabek in Okteta Suha bosta na\u0161a gosta dva leto\u0161nja jubilanta, skupina&nbsp;VOCS\u00b4it iz \u017ditare vasi ter Pevsko dru\u0161tvo Lipa iz Velikovca.&nbsp; Skupino VOCS\u00b4it sestavljajo Viktoria Tanzer-Marold, Anja Marold, Christoph Tanzer in Martin Bierbaumer. &hellip; <\/p>\n<p class=\"link-more\"><a href=\"http:\/\/www.kpddrava.at\/?p=22102\" class=\"more-link\"><span class=\"screen-reader-text\">\u201eJesenski koncert &#038; Koro\u0161ki ve\u010der | Herbstkonzert &#038; orig. K\u00e4rntner Abend\u201c<\/span> weiterlesen<\/a><\/p>\n","protected":false},"author":4,"featured_media":0,"comment_status":"closed","ping_status":"","sticky":false,"template":"","format":"standard","meta":{"ngg_post_thumbnail":0,"footnotes":""},"categories":[1],"tags":[],"class_list":["post-22102","post","type-post","status-publish","format-standard","hentry","category-allgemein"],"_links":{"self":[{"href":"http:\/\/www.kpddrava.at\/index.php?rest_route=\/wp\/v2\/posts\/22102","targetHints":{"allow":["GET"]}}],"collection":[{"href":"http:\/\/www.kpddrava.at\/index.php?rest_route=\/wp\/v2\/posts"}],"about":[{"href":"http:\/\/www.kpddrava.at\/index.php?rest_route=\/wp\/v2\/types\/post"}],"author":[{"embeddable":true,"href":"http:\/\/www.kpddrava.at\/index.php?rest_route=\/wp\/v2\/users\/4"}],"replies":[{"embeddable":true,"href":"http:\/\/www.kpddrava.at\/index.php?rest_route=%2Fwp%2Fv2%2Fcomments&post=22102"}],"version-history":[{"count":19,"href":"http:\/\/www.kpddrava.at\/index.php?rest_route=\/wp\/v2\/posts\/22102\/revisions"}],"predecessor-version":[{"id":22127,"href":"http:\/\/www.kpddrava.at\/index.php?rest_route=\/wp\/v2\/posts\/22102\/revisions\/22127"}],"wp:attachment":[{"href":"http:\/\/www.kpddrava.at\/index.php?rest_route=%2Fwp%2Fv2%2Fmedia&parent=22102"}],"wp:term":[{"taxonomy":"category","embeddable":true,"href":"http:\/\/www.kpddrava.at\/index.php?rest_route=%2Fwp%2Fv2%2Fcategories&post=22102"},{"taxonomy":"post_tag","embeddable":true,"href":"http:\/\/www.kpddrava.at\/index.php?rest_route=%2Fwp%2Fv2%2Ftags&post=22102"}],"curies":[{"name":"wp","href":"https:\/\/api.w.org\/{rel}","templated":true}]}}