{"id":22481,"date":"2025-04-05T22:09:00","date_gmt":"2025-04-05T20:09:00","guid":{"rendered":"http:\/\/www.kpddrava.at\/?p=22481"},"modified":"2025-04-19T16:16:22","modified_gmt":"2025-04-19T14:16:22","slug":"odprtje-razstave-hans-enzersfellner","status":"publish","type":"post","link":"http:\/\/www.kpddrava.at\/?p=22481","title":{"rendered":"Odprtje razstave: Hans Enzersfellner 05.04.2025"},"content":{"rendered":"\n<figure class=\"wp-block-image size-large\"><a href=\"http:\/\/www.kpddrava.at\/wp-content\/uploads\/2025\/03\/21-klrenzersfellner-020.jpg\"><img loading=\"lazy\" decoding=\"async\" width=\"1024\" height=\"684\" src=\"http:\/\/www.kpddrava.at\/wp-content\/uploads\/2025\/03\/21-klrenzersfellner-020-1024x684.jpg\" alt=\"\" class=\"wp-image-22572\" srcset=\"http:\/\/www.kpddrava.at\/wp-content\/uploads\/2025\/03\/21-klrenzersfellner-020-1024x684.jpg 1024w, http:\/\/www.kpddrava.at\/wp-content\/uploads\/2025\/03\/21-klrenzersfellner-020-300x200.jpg 300w, http:\/\/www.kpddrava.at\/wp-content\/uploads\/2025\/03\/21-klrenzersfellner-020-768x513.jpg 768w, http:\/\/www.kpddrava.at\/wp-content\/uploads\/2025\/03\/21-klrenzersfellner-020.jpg 1300w\" sizes=\"auto, (max-width: 767px) 89vw, (max-width: 1000px) 54vw, (max-width: 1071px) 543px, 580px\" \/><\/a><\/figure>\n\n\n\n\n\n<figure class=\"wp-block-gallery has-nested-images columns-default is-cropped wp-block-gallery-1 is-layout-flex wp-block-gallery-is-layout-flex\">\n<figure class=\"wp-block-image size-large\"><a href=\"http:\/\/www.kpddrava.at\/wp-content\/uploads\/2025\/03\/01-klrenzersfellner-2.jpg\"><img loading=\"lazy\" decoding=\"async\" width=\"1024\" height=\"650\" data-id=\"22575\" src=\"http:\/\/www.kpddrava.at\/wp-content\/uploads\/2025\/03\/01-klrenzersfellner-2-1024x650.jpg\" alt=\"\" class=\"wp-image-22575\" srcset=\"http:\/\/www.kpddrava.at\/wp-content\/uploads\/2025\/03\/01-klrenzersfellner-2-1024x650.jpg 1024w, http:\/\/www.kpddrava.at\/wp-content\/uploads\/2025\/03\/01-klrenzersfellner-2-300x190.jpg 300w, http:\/\/www.kpddrava.at\/wp-content\/uploads\/2025\/03\/01-klrenzersfellner-2-768x487.jpg 768w, http:\/\/www.kpddrava.at\/wp-content\/uploads\/2025\/03\/01-klrenzersfellner-2.jpg 1300w\" sizes=\"auto, (max-width: 767px) 89vw, (max-width: 1000px) 54vw, (max-width: 1071px) 543px, 580px\" \/><\/a><\/figure>\n\n\n\n<figure class=\"wp-block-image size-large\"><a href=\"http:\/\/www.kpddrava.at\/wp-content\/uploads\/2025\/03\/02-klrenzersfellner-001.jpg\"><img loading=\"lazy\" decoding=\"async\" width=\"1024\" height=\"613\" data-id=\"22576\" src=\"http:\/\/www.kpddrava.at\/wp-content\/uploads\/2025\/03\/02-klrenzersfellner-001-1024x613.jpg\" alt=\"\" class=\"wp-image-22576\" srcset=\"http:\/\/www.kpddrava.at\/wp-content\/uploads\/2025\/03\/02-klrenzersfellner-001-1024x613.jpg 1024w, http:\/\/www.kpddrava.at\/wp-content\/uploads\/2025\/03\/02-klrenzersfellner-001-300x180.jpg 300w, http:\/\/www.kpddrava.at\/wp-content\/uploads\/2025\/03\/02-klrenzersfellner-001-768x460.jpg 768w, http:\/\/www.kpddrava.at\/wp-content\/uploads\/2025\/03\/02-klrenzersfellner-001.jpg 1300w\" sizes=\"auto, (max-width: 767px) 89vw, (max-width: 1000px) 54vw, (max-width: 1071px) 543px, 580px\" \/><\/a><\/figure>\n\n\n\n<figure class=\"wp-block-image size-large\"><a href=\"http:\/\/www.kpddrava.at\/wp-content\/uploads\/2025\/03\/03-klrenzersfellner-002.jpg\"><img loading=\"lazy\" decoding=\"async\" width=\"1024\" height=\"685\" data-id=\"22581\" src=\"http:\/\/www.kpddrava.at\/wp-content\/uploads\/2025\/03\/03-klrenzersfellner-002-1024x685.jpg\" alt=\"\" class=\"wp-image-22581\" srcset=\"http:\/\/www.kpddrava.at\/wp-content\/uploads\/2025\/03\/03-klrenzersfellner-002-1024x685.jpg 1024w, http:\/\/www.kpddrava.at\/wp-content\/uploads\/2025\/03\/03-klrenzersfellner-002-300x201.jpg 300w, http:\/\/www.kpddrava.at\/wp-content\/uploads\/2025\/03\/03-klrenzersfellner-002-768x513.jpg 768w, http:\/\/www.kpddrava.at\/wp-content\/uploads\/2025\/03\/03-klrenzersfellner-002.jpg 1300w\" sizes=\"auto, (max-width: 767px) 89vw, (max-width: 1000px) 54vw, (max-width: 1071px) 543px, 580px\" \/><\/a><\/figure>\n\n\n\n<figure class=\"wp-block-image size-large\"><a href=\"http:\/\/www.kpddrava.at\/wp-content\/uploads\/2025\/03\/04-klrenzersfellner-003.jpg\"><img loading=\"lazy\" decoding=\"async\" width=\"1024\" height=\"682\" data-id=\"22580\" src=\"http:\/\/www.kpddrava.at\/wp-content\/uploads\/2025\/03\/04-klrenzersfellner-003-1024x682.jpg\" alt=\"\" class=\"wp-image-22580\" srcset=\"http:\/\/www.kpddrava.at\/wp-content\/uploads\/2025\/03\/04-klrenzersfellner-003-1024x682.jpg 1024w, http:\/\/www.kpddrava.at\/wp-content\/uploads\/2025\/03\/04-klrenzersfellner-003-300x200.jpg 300w, http:\/\/www.kpddrava.at\/wp-content\/uploads\/2025\/03\/04-klrenzersfellner-003-768x512.jpg 768w, http:\/\/www.kpddrava.at\/wp-content\/uploads\/2025\/03\/04-klrenzersfellner-003.jpg 1300w\" sizes=\"auto, (max-width: 767px) 89vw, (max-width: 1000px) 54vw, (max-width: 1071px) 543px, 580px\" \/><\/a><\/figure>\n\n\n\n<figure class=\"wp-block-image size-large\"><a href=\"http:\/\/www.kpddrava.at\/wp-content\/uploads\/2025\/03\/05-klrenzersfellner-004.jpg\"><img loading=\"lazy\" decoding=\"async\" width=\"1024\" height=\"683\" data-id=\"22578\" src=\"http:\/\/www.kpddrava.at\/wp-content\/uploads\/2025\/03\/05-klrenzersfellner-004-1024x683.jpg\" alt=\"\" class=\"wp-image-22578\" srcset=\"http:\/\/www.kpddrava.at\/wp-content\/uploads\/2025\/03\/05-klrenzersfellner-004-1024x683.jpg 1024w, http:\/\/www.kpddrava.at\/wp-content\/uploads\/2025\/03\/05-klrenzersfellner-004-300x200.jpg 300w, http:\/\/www.kpddrava.at\/wp-content\/uploads\/2025\/03\/05-klrenzersfellner-004-768x512.jpg 768w, http:\/\/www.kpddrava.at\/wp-content\/uploads\/2025\/03\/05-klrenzersfellner-004.jpg 1300w\" sizes=\"auto, (max-width: 767px) 89vw, (max-width: 1000px) 54vw, (max-width: 1071px) 543px, 580px\" \/><\/a><\/figure>\n\n\n\n<figure class=\"wp-block-image size-large\"><a href=\"http:\/\/www.kpddrava.at\/wp-content\/uploads\/2025\/03\/06-klrenzersfellner-005.jpg\"><img loading=\"lazy\" decoding=\"async\" width=\"1024\" height=\"682\" data-id=\"22579\" src=\"http:\/\/www.kpddrava.at\/wp-content\/uploads\/2025\/03\/06-klrenzersfellner-005-1024x682.jpg\" alt=\"\" class=\"wp-image-22579\" srcset=\"http:\/\/www.kpddrava.at\/wp-content\/uploads\/2025\/03\/06-klrenzersfellner-005-1024x682.jpg 1024w, http:\/\/www.kpddrava.at\/wp-content\/uploads\/2025\/03\/06-klrenzersfellner-005-300x200.jpg 300w, http:\/\/www.kpddrava.at\/wp-content\/uploads\/2025\/03\/06-klrenzersfellner-005-768x512.jpg 768w, http:\/\/www.kpddrava.at\/wp-content\/uploads\/2025\/03\/06-klrenzersfellner-005.jpg 1300w\" sizes=\"auto, (max-width: 767px) 89vw, (max-width: 1000px) 54vw, (max-width: 1071px) 543px, 580px\" \/><\/a><\/figure>\n\n\n\n<figure class=\"wp-block-image size-large\"><a href=\"http:\/\/www.kpddrava.at\/wp-content\/uploads\/2025\/03\/07-klrenzersfellner-006.jpg\"><img loading=\"lazy\" decoding=\"async\" width=\"1024\" height=\"683\" data-id=\"22577\" src=\"http:\/\/www.kpddrava.at\/wp-content\/uploads\/2025\/03\/07-klrenzersfellner-006-1024x683.jpg\" alt=\"\" class=\"wp-image-22577\" srcset=\"http:\/\/www.kpddrava.at\/wp-content\/uploads\/2025\/03\/07-klrenzersfellner-006-1024x683.jpg 1024w, http:\/\/www.kpddrava.at\/wp-content\/uploads\/2025\/03\/07-klrenzersfellner-006-300x200.jpg 300w, http:\/\/www.kpddrava.at\/wp-content\/uploads\/2025\/03\/07-klrenzersfellner-006-768x512.jpg 768w, http:\/\/www.kpddrava.at\/wp-content\/uploads\/2025\/03\/07-klrenzersfellner-006.jpg 1300w\" sizes=\"auto, (max-width: 767px) 89vw, (max-width: 1000px) 54vw, (max-width: 1071px) 543px, 580px\" \/><\/a><\/figure>\n\n\n\n<figure class=\"wp-block-image size-large\"><a href=\"http:\/\/www.kpddrava.at\/wp-content\/uploads\/2025\/03\/08-klrenzersfellner-007.jpg\"><img loading=\"lazy\" decoding=\"async\" width=\"1024\" height=\"683\" data-id=\"22584\" src=\"http:\/\/www.kpddrava.at\/wp-content\/uploads\/2025\/03\/08-klrenzersfellner-007-1024x683.jpg\" alt=\"\" class=\"wp-image-22584\" srcset=\"http:\/\/www.kpddrava.at\/wp-content\/uploads\/2025\/03\/08-klrenzersfellner-007-1024x683.jpg 1024w, http:\/\/www.kpddrava.at\/wp-content\/uploads\/2025\/03\/08-klrenzersfellner-007-300x200.jpg 300w, http:\/\/www.kpddrava.at\/wp-content\/uploads\/2025\/03\/08-klrenzersfellner-007-768x512.jpg 768w, http:\/\/www.kpddrava.at\/wp-content\/uploads\/2025\/03\/08-klrenzersfellner-007.jpg 1300w\" sizes=\"auto, (max-width: 767px) 89vw, (max-width: 1000px) 54vw, (max-width: 1071px) 543px, 580px\" \/><\/a><\/figure>\n\n\n\n<figure class=\"wp-block-image size-large\"><a href=\"http:\/\/www.kpddrava.at\/wp-content\/uploads\/2025\/03\/09-klrenzersfellner-008.jpg\"><img loading=\"lazy\" decoding=\"async\" width=\"1024\" height=\"683\" data-id=\"22582\" src=\"http:\/\/www.kpddrava.at\/wp-content\/uploads\/2025\/03\/09-klrenzersfellner-008-1024x683.jpg\" alt=\"\" class=\"wp-image-22582\" srcset=\"http:\/\/www.kpddrava.at\/wp-content\/uploads\/2025\/03\/09-klrenzersfellner-008-1024x683.jpg 1024w, http:\/\/www.kpddrava.at\/wp-content\/uploads\/2025\/03\/09-klrenzersfellner-008-300x200.jpg 300w, http:\/\/www.kpddrava.at\/wp-content\/uploads\/2025\/03\/09-klrenzersfellner-008-768x512.jpg 768w, http:\/\/www.kpddrava.at\/wp-content\/uploads\/2025\/03\/09-klrenzersfellner-008.jpg 1300w\" sizes=\"auto, (max-width: 767px) 89vw, (max-width: 1000px) 54vw, (max-width: 1071px) 543px, 580px\" \/><\/a><\/figure>\n\n\n\n<figure class=\"wp-block-image size-large\"><a href=\"http:\/\/www.kpddrava.at\/wp-content\/uploads\/2025\/03\/10-klrenzersfellner-009.jpg\"><img loading=\"lazy\" decoding=\"async\" width=\"1024\" height=\"683\" data-id=\"22583\" src=\"http:\/\/www.kpddrava.at\/wp-content\/uploads\/2025\/03\/10-klrenzersfellner-009-1024x683.jpg\" alt=\"\" class=\"wp-image-22583\" srcset=\"http:\/\/www.kpddrava.at\/wp-content\/uploads\/2025\/03\/10-klrenzersfellner-009-1024x683.jpg 1024w, http:\/\/www.kpddrava.at\/wp-content\/uploads\/2025\/03\/10-klrenzersfellner-009-300x200.jpg 300w, http:\/\/www.kpddrava.at\/wp-content\/uploads\/2025\/03\/10-klrenzersfellner-009-768x512.jpg 768w, http:\/\/www.kpddrava.at\/wp-content\/uploads\/2025\/03\/10-klrenzersfellner-009.jpg 1300w\" sizes=\"auto, (max-width: 767px) 89vw, (max-width: 1000px) 54vw, (max-width: 1071px) 543px, 580px\" \/><\/a><\/figure>\n\n\n\n<figure class=\"wp-block-image size-large\"><a href=\"http:\/\/www.kpddrava.at\/wp-content\/uploads\/2025\/03\/11-klrenzersfellner-010.jpg\"><img loading=\"lazy\" decoding=\"async\" width=\"1024\" height=\"682\" data-id=\"22585\" src=\"http:\/\/www.kpddrava.at\/wp-content\/uploads\/2025\/03\/11-klrenzersfellner-010-1024x682.jpg\" alt=\"\" class=\"wp-image-22585\" srcset=\"http:\/\/www.kpddrava.at\/wp-content\/uploads\/2025\/03\/11-klrenzersfellner-010-1024x682.jpg 1024w, http:\/\/www.kpddrava.at\/wp-content\/uploads\/2025\/03\/11-klrenzersfellner-010-300x200.jpg 300w, http:\/\/www.kpddrava.at\/wp-content\/uploads\/2025\/03\/11-klrenzersfellner-010-768x512.jpg 768w, http:\/\/www.kpddrava.at\/wp-content\/uploads\/2025\/03\/11-klrenzersfellner-010.jpg 1300w\" sizes=\"auto, (max-width: 767px) 89vw, (max-width: 1000px) 54vw, (max-width: 1071px) 543px, 580px\" \/><\/a><\/figure>\n\n\n\n<figure class=\"wp-block-image size-large\"><a href=\"http:\/\/www.kpddrava.at\/wp-content\/uploads\/2025\/03\/12-klrenzersfellner-011.jpg\"><img loading=\"lazy\" decoding=\"async\" width=\"1024\" height=\"683\" data-id=\"22588\" src=\"http:\/\/www.kpddrava.at\/wp-content\/uploads\/2025\/03\/12-klrenzersfellner-011-1024x683.jpg\" alt=\"\" class=\"wp-image-22588\" srcset=\"http:\/\/www.kpddrava.at\/wp-content\/uploads\/2025\/03\/12-klrenzersfellner-011-1024x683.jpg 1024w, http:\/\/www.kpddrava.at\/wp-content\/uploads\/2025\/03\/12-klrenzersfellner-011-300x200.jpg 300w, http:\/\/www.kpddrava.at\/wp-content\/uploads\/2025\/03\/12-klrenzersfellner-011-768x512.jpg 768w, http:\/\/www.kpddrava.at\/wp-content\/uploads\/2025\/03\/12-klrenzersfellner-011.jpg 1300w\" sizes=\"auto, (max-width: 767px) 89vw, (max-width: 1000px) 54vw, (max-width: 1071px) 543px, 580px\" \/><\/a><\/figure>\n\n\n\n<figure class=\"wp-block-image size-large\"><a href=\"http:\/\/www.kpddrava.at\/wp-content\/uploads\/2025\/03\/13-klrenzersfellner-012.jpg\"><img loading=\"lazy\" decoding=\"async\" width=\"1024\" height=\"683\" data-id=\"22586\" src=\"http:\/\/www.kpddrava.at\/wp-content\/uploads\/2025\/03\/13-klrenzersfellner-012-1024x683.jpg\" alt=\"\" class=\"wp-image-22586\" srcset=\"http:\/\/www.kpddrava.at\/wp-content\/uploads\/2025\/03\/13-klrenzersfellner-012-1024x683.jpg 1024w, http:\/\/www.kpddrava.at\/wp-content\/uploads\/2025\/03\/13-klrenzersfellner-012-300x200.jpg 300w, http:\/\/www.kpddrava.at\/wp-content\/uploads\/2025\/03\/13-klrenzersfellner-012-768x512.jpg 768w, http:\/\/www.kpddrava.at\/wp-content\/uploads\/2025\/03\/13-klrenzersfellner-012.jpg 1300w\" sizes=\"auto, (max-width: 767px) 89vw, (max-width: 1000px) 54vw, (max-width: 1071px) 543px, 580px\" \/><\/a><\/figure>\n\n\n\n<figure class=\"wp-block-image size-large\"><a href=\"http:\/\/www.kpddrava.at\/wp-content\/uploads\/2025\/03\/14-klrenzersfellner-013.jpg\"><img loading=\"lazy\" decoding=\"async\" width=\"1024\" height=\"682\" data-id=\"22587\" src=\"http:\/\/www.kpddrava.at\/wp-content\/uploads\/2025\/03\/14-klrenzersfellner-013-1024x682.jpg\" alt=\"\" class=\"wp-image-22587\" srcset=\"http:\/\/www.kpddrava.at\/wp-content\/uploads\/2025\/03\/14-klrenzersfellner-013-1024x682.jpg 1024w, http:\/\/www.kpddrava.at\/wp-content\/uploads\/2025\/03\/14-klrenzersfellner-013-300x200.jpg 300w, http:\/\/www.kpddrava.at\/wp-content\/uploads\/2025\/03\/14-klrenzersfellner-013-768x512.jpg 768w, http:\/\/www.kpddrava.at\/wp-content\/uploads\/2025\/03\/14-klrenzersfellner-013.jpg 1300w\" sizes=\"auto, (max-width: 767px) 89vw, (max-width: 1000px) 54vw, (max-width: 1071px) 543px, 580px\" \/><\/a><\/figure>\n\n\n\n<figure class=\"wp-block-image size-large\"><a href=\"http:\/\/www.kpddrava.at\/wp-content\/uploads\/2025\/03\/15-klrenzersfellner-014.jpg\"><img loading=\"lazy\" decoding=\"async\" width=\"1024\" height=\"683\" data-id=\"22590\" src=\"http:\/\/www.kpddrava.at\/wp-content\/uploads\/2025\/03\/15-klrenzersfellner-014-1024x683.jpg\" alt=\"\" class=\"wp-image-22590\" srcset=\"http:\/\/www.kpddrava.at\/wp-content\/uploads\/2025\/03\/15-klrenzersfellner-014-1024x683.jpg 1024w, http:\/\/www.kpddrava.at\/wp-content\/uploads\/2025\/03\/15-klrenzersfellner-014-300x200.jpg 300w, http:\/\/www.kpddrava.at\/wp-content\/uploads\/2025\/03\/15-klrenzersfellner-014-768x512.jpg 768w, http:\/\/www.kpddrava.at\/wp-content\/uploads\/2025\/03\/15-klrenzersfellner-014.jpg 1300w\" sizes=\"auto, (max-width: 767px) 89vw, (max-width: 1000px) 54vw, (max-width: 1071px) 543px, 580px\" \/><\/a><\/figure>\n\n\n\n<figure class=\"wp-block-image size-large\"><a href=\"http:\/\/www.kpddrava.at\/wp-content\/uploads\/2025\/03\/16-klrenzersfellner-015.jpg\"><img loading=\"lazy\" decoding=\"async\" width=\"1024\" height=\"683\" data-id=\"22589\" src=\"http:\/\/www.kpddrava.at\/wp-content\/uploads\/2025\/03\/16-klrenzersfellner-015-1024x683.jpg\" alt=\"\" class=\"wp-image-22589\" srcset=\"http:\/\/www.kpddrava.at\/wp-content\/uploads\/2025\/03\/16-klrenzersfellner-015-1024x683.jpg 1024w, http:\/\/www.kpddrava.at\/wp-content\/uploads\/2025\/03\/16-klrenzersfellner-015-300x200.jpg 300w, http:\/\/www.kpddrava.at\/wp-content\/uploads\/2025\/03\/16-klrenzersfellner-015-768x512.jpg 768w, http:\/\/www.kpddrava.at\/wp-content\/uploads\/2025\/03\/16-klrenzersfellner-015.jpg 1300w\" sizes=\"auto, (max-width: 767px) 89vw, (max-width: 1000px) 54vw, (max-width: 1071px) 543px, 580px\" \/><\/a><\/figure>\n\n\n\n<figure class=\"wp-block-image size-large\"><a href=\"http:\/\/www.kpddrava.at\/wp-content\/uploads\/2025\/03\/17-klrenzersfellner-016.jpg\"><img loading=\"lazy\" decoding=\"async\" width=\"1024\" height=\"684\" data-id=\"22591\" src=\"http:\/\/www.kpddrava.at\/wp-content\/uploads\/2025\/03\/17-klrenzersfellner-016-1024x684.jpg\" alt=\"\" class=\"wp-image-22591\" srcset=\"http:\/\/www.kpddrava.at\/wp-content\/uploads\/2025\/03\/17-klrenzersfellner-016-1024x684.jpg 1024w, http:\/\/www.kpddrava.at\/wp-content\/uploads\/2025\/03\/17-klrenzersfellner-016-300x200.jpg 300w, http:\/\/www.kpddrava.at\/wp-content\/uploads\/2025\/03\/17-klrenzersfellner-016-768x513.jpg 768w, http:\/\/www.kpddrava.at\/wp-content\/uploads\/2025\/03\/17-klrenzersfellner-016.jpg 1300w\" sizes=\"auto, (max-width: 767px) 89vw, (max-width: 1000px) 54vw, (max-width: 1071px) 543px, 580px\" \/><\/a><\/figure>\n\n\n\n<figure class=\"wp-block-image size-large\"><a href=\"http:\/\/www.kpddrava.at\/wp-content\/uploads\/2025\/03\/18-klrenzersfellner-017.jpg\"><img loading=\"lazy\" decoding=\"async\" width=\"1024\" height=\"683\" data-id=\"22592\" src=\"http:\/\/www.kpddrava.at\/wp-content\/uploads\/2025\/03\/18-klrenzersfellner-017-1024x683.jpg\" alt=\"\" class=\"wp-image-22592\" srcset=\"http:\/\/www.kpddrava.at\/wp-content\/uploads\/2025\/03\/18-klrenzersfellner-017-1024x683.jpg 1024w, http:\/\/www.kpddrava.at\/wp-content\/uploads\/2025\/03\/18-klrenzersfellner-017-300x200.jpg 300w, http:\/\/www.kpddrava.at\/wp-content\/uploads\/2025\/03\/18-klrenzersfellner-017-768x512.jpg 768w, http:\/\/www.kpddrava.at\/wp-content\/uploads\/2025\/03\/18-klrenzersfellner-017.jpg 1300w\" sizes=\"auto, (max-width: 767px) 89vw, (max-width: 1000px) 54vw, (max-width: 1071px) 543px, 580px\" \/><\/a><\/figure>\n\n\n\n<figure class=\"wp-block-image size-large\"><a href=\"http:\/\/www.kpddrava.at\/wp-content\/uploads\/2025\/03\/19-klrenzersfellner-018.jpg\"><img loading=\"lazy\" decoding=\"async\" width=\"1024\" height=\"683\" data-id=\"22594\" src=\"http:\/\/www.kpddrava.at\/wp-content\/uploads\/2025\/03\/19-klrenzersfellner-018-1024x683.jpg\" alt=\"\" class=\"wp-image-22594\" srcset=\"http:\/\/www.kpddrava.at\/wp-content\/uploads\/2025\/03\/19-klrenzersfellner-018-1024x683.jpg 1024w, http:\/\/www.kpddrava.at\/wp-content\/uploads\/2025\/03\/19-klrenzersfellner-018-300x200.jpg 300w, http:\/\/www.kpddrava.at\/wp-content\/uploads\/2025\/03\/19-klrenzersfellner-018-768x512.jpg 768w, http:\/\/www.kpddrava.at\/wp-content\/uploads\/2025\/03\/19-klrenzersfellner-018.jpg 1300w\" sizes=\"auto, (max-width: 767px) 89vw, (max-width: 1000px) 54vw, (max-width: 1071px) 543px, 580px\" \/><\/a><\/figure>\n\n\n\n<figure class=\"wp-block-image size-large\"><a href=\"http:\/\/www.kpddrava.at\/wp-content\/uploads\/2025\/03\/20-klrenzersfellner-019.jpg\"><img loading=\"lazy\" decoding=\"async\" width=\"1024\" height=\"683\" data-id=\"22593\" src=\"http:\/\/www.kpddrava.at\/wp-content\/uploads\/2025\/03\/20-klrenzersfellner-019-1024x683.jpg\" alt=\"\" class=\"wp-image-22593\" srcset=\"http:\/\/www.kpddrava.at\/wp-content\/uploads\/2025\/03\/20-klrenzersfellner-019-1024x683.jpg 1024w, http:\/\/www.kpddrava.at\/wp-content\/uploads\/2025\/03\/20-klrenzersfellner-019-300x200.jpg 300w, http:\/\/www.kpddrava.at\/wp-content\/uploads\/2025\/03\/20-klrenzersfellner-019-768x512.jpg 768w, http:\/\/www.kpddrava.at\/wp-content\/uploads\/2025\/03\/20-klrenzersfellner-019.jpg 1300w\" sizes=\"auto, (max-width: 767px) 89vw, (max-width: 1000px) 54vw, (max-width: 1071px) 543px, 580px\" \/><\/a><\/figure>\n\n\n\n<figure class=\"wp-block-image size-large\"><a href=\"http:\/\/www.kpddrava.at\/wp-content\/uploads\/2025\/03\/21-klrenzersfellner-020-1.jpg\"><img loading=\"lazy\" decoding=\"async\" width=\"1024\" height=\"684\" data-id=\"22595\" src=\"http:\/\/www.kpddrava.at\/wp-content\/uploads\/2025\/03\/21-klrenzersfellner-020-1-1024x684.jpg\" alt=\"\" class=\"wp-image-22595\" srcset=\"http:\/\/www.kpddrava.at\/wp-content\/uploads\/2025\/03\/21-klrenzersfellner-020-1-1024x684.jpg 1024w, http:\/\/www.kpddrava.at\/wp-content\/uploads\/2025\/03\/21-klrenzersfellner-020-1-300x200.jpg 300w, http:\/\/www.kpddrava.at\/wp-content\/uploads\/2025\/03\/21-klrenzersfellner-020-1-768x513.jpg 768w, http:\/\/www.kpddrava.at\/wp-content\/uploads\/2025\/03\/21-klrenzersfellner-020-1.jpg 1300w\" sizes=\"auto, (max-width: 767px) 89vw, (max-width: 1000px) 54vw, (max-width: 1071px) 543px, 580px\" \/><\/a><\/figure>\n\n\n\n<figure class=\"wp-block-image size-large\"><a href=\"http:\/\/www.kpddrava.at\/wp-content\/uploads\/2025\/03\/22-klrenzersfellner-021.jpg\"><img loading=\"lazy\" decoding=\"async\" width=\"1024\" height=\"683\" data-id=\"22596\" src=\"http:\/\/www.kpddrava.at\/wp-content\/uploads\/2025\/03\/22-klrenzersfellner-021-1024x683.jpg\" alt=\"\" class=\"wp-image-22596\" srcset=\"http:\/\/www.kpddrava.at\/wp-content\/uploads\/2025\/03\/22-klrenzersfellner-021-1024x683.jpg 1024w, http:\/\/www.kpddrava.at\/wp-content\/uploads\/2025\/03\/22-klrenzersfellner-021-300x200.jpg 300w, http:\/\/www.kpddrava.at\/wp-content\/uploads\/2025\/03\/22-klrenzersfellner-021-768x512.jpg 768w, http:\/\/www.kpddrava.at\/wp-content\/uploads\/2025\/03\/22-klrenzersfellner-021.jpg 1300w\" sizes=\"auto, (max-width: 767px) 89vw, (max-width: 1000px) 54vw, (max-width: 1071px) 543px, 580px\" \/><\/a><\/figure>\n\n\n\n<figure class=\"wp-block-image size-large\"><a href=\"http:\/\/www.kpddrava.at\/wp-content\/uploads\/2025\/03\/23-klrenzersfellner-022.jpg\"><img loading=\"lazy\" decoding=\"async\" width=\"1024\" height=\"682\" data-id=\"22597\" src=\"http:\/\/www.kpddrava.at\/wp-content\/uploads\/2025\/03\/23-klrenzersfellner-022-1024x682.jpg\" alt=\"\" class=\"wp-image-22597\" srcset=\"http:\/\/www.kpddrava.at\/wp-content\/uploads\/2025\/03\/23-klrenzersfellner-022-1024x682.jpg 1024w, http:\/\/www.kpddrava.at\/wp-content\/uploads\/2025\/03\/23-klrenzersfellner-022-300x200.jpg 300w, http:\/\/www.kpddrava.at\/wp-content\/uploads\/2025\/03\/23-klrenzersfellner-022-768x512.jpg 768w, http:\/\/www.kpddrava.at\/wp-content\/uploads\/2025\/03\/23-klrenzersfellner-022.jpg 1300w\" sizes=\"auto, (max-width: 767px) 89vw, (max-width: 1000px) 54vw, (max-width: 1071px) 543px, 580px\" \/><\/a><\/figure>\n\n\n\n<figure class=\"wp-block-image size-large\"><a href=\"http:\/\/www.kpddrava.at\/wp-content\/uploads\/2025\/03\/24-klrenzersfellner-023.jpg\"><img loading=\"lazy\" decoding=\"async\" width=\"1024\" height=\"682\" data-id=\"22598\" src=\"http:\/\/www.kpddrava.at\/wp-content\/uploads\/2025\/03\/24-klrenzersfellner-023-1024x682.jpg\" alt=\"\" class=\"wp-image-22598\" srcset=\"http:\/\/www.kpddrava.at\/wp-content\/uploads\/2025\/03\/24-klrenzersfellner-023-1024x682.jpg 1024w, http:\/\/www.kpddrava.at\/wp-content\/uploads\/2025\/03\/24-klrenzersfellner-023-300x200.jpg 300w, http:\/\/www.kpddrava.at\/wp-content\/uploads\/2025\/03\/24-klrenzersfellner-023-768x512.jpg 768w, http:\/\/www.kpddrava.at\/wp-content\/uploads\/2025\/03\/24-klrenzersfellner-023.jpg 1300w\" sizes=\"auto, (max-width: 767px) 89vw, (max-width: 1000px) 54vw, (max-width: 1071px) 543px, 580px\" \/><\/a><\/figure>\n\n\n\n<figure class=\"wp-block-image size-large\"><a href=\"http:\/\/www.kpddrava.at\/wp-content\/uploads\/2025\/03\/25-klrenzersfellner-024.jpg\"><img loading=\"lazy\" decoding=\"async\" width=\"1024\" height=\"682\" data-id=\"22599\" src=\"http:\/\/www.kpddrava.at\/wp-content\/uploads\/2025\/03\/25-klrenzersfellner-024-1024x682.jpg\" alt=\"\" class=\"wp-image-22599\" srcset=\"http:\/\/www.kpddrava.at\/wp-content\/uploads\/2025\/03\/25-klrenzersfellner-024-1024x682.jpg 1024w, http:\/\/www.kpddrava.at\/wp-content\/uploads\/2025\/03\/25-klrenzersfellner-024-300x200.jpg 300w, http:\/\/www.kpddrava.at\/wp-content\/uploads\/2025\/03\/25-klrenzersfellner-024-768x512.jpg 768w, http:\/\/www.kpddrava.at\/wp-content\/uploads\/2025\/03\/25-klrenzersfellner-024.jpg 1300w\" sizes=\"auto, (max-width: 767px) 89vw, (max-width: 1000px) 54vw, (max-width: 1071px) 543px, 580px\" \/><\/a><\/figure>\n\n\n\n<figure class=\"wp-block-image size-large\"><a href=\"http:\/\/www.kpddrava.at\/wp-content\/uploads\/2025\/03\/26-klrenzersfellner-025.jpg\"><img loading=\"lazy\" decoding=\"async\" width=\"1024\" height=\"682\" data-id=\"22600\" src=\"http:\/\/www.kpddrava.at\/wp-content\/uploads\/2025\/03\/26-klrenzersfellner-025-1024x682.jpg\" alt=\"\" class=\"wp-image-22600\" srcset=\"http:\/\/www.kpddrava.at\/wp-content\/uploads\/2025\/03\/26-klrenzersfellner-025-1024x682.jpg 1024w, http:\/\/www.kpddrava.at\/wp-content\/uploads\/2025\/03\/26-klrenzersfellner-025-300x200.jpg 300w, http:\/\/www.kpddrava.at\/wp-content\/uploads\/2025\/03\/26-klrenzersfellner-025-768x512.jpg 768w, http:\/\/www.kpddrava.at\/wp-content\/uploads\/2025\/03\/26-klrenzersfellner-025.jpg 1300w\" sizes=\"auto, (max-width: 767px) 89vw, (max-width: 1000px) 54vw, (max-width: 1071px) 543px, 580px\" \/><\/a><\/figure>\n\n\n\n<figure class=\"wp-block-image size-large\"><a href=\"http:\/\/www.kpddrava.at\/wp-content\/uploads\/2025\/03\/27-klrenzersfellner-026.jpg\"><img loading=\"lazy\" decoding=\"async\" width=\"1024\" height=\"681\" data-id=\"22601\" src=\"http:\/\/www.kpddrava.at\/wp-content\/uploads\/2025\/03\/27-klrenzersfellner-026-1024x681.jpg\" alt=\"\" class=\"wp-image-22601\" srcset=\"http:\/\/www.kpddrava.at\/wp-content\/uploads\/2025\/03\/27-klrenzersfellner-026-1024x681.jpg 1024w, http:\/\/www.kpddrava.at\/wp-content\/uploads\/2025\/03\/27-klrenzersfellner-026-300x200.jpg 300w, http:\/\/www.kpddrava.at\/wp-content\/uploads\/2025\/03\/27-klrenzersfellner-026-768x511.jpg 768w, http:\/\/www.kpddrava.at\/wp-content\/uploads\/2025\/03\/27-klrenzersfellner-026.jpg 1300w\" sizes=\"auto, (max-width: 767px) 89vw, (max-width: 1000px) 54vw, (max-width: 1071px) 543px, 580px\" \/><\/a><\/figure>\n\n\n\n<figure class=\"wp-block-image size-large\"><a href=\"http:\/\/www.kpddrava.at\/wp-content\/uploads\/2025\/03\/28-klrenzersfellner-027.jpg\"><img loading=\"lazy\" decoding=\"async\" width=\"1024\" height=\"683\" data-id=\"22603\" src=\"http:\/\/www.kpddrava.at\/wp-content\/uploads\/2025\/03\/28-klrenzersfellner-027-1024x683.jpg\" alt=\"\" class=\"wp-image-22603\" srcset=\"http:\/\/www.kpddrava.at\/wp-content\/uploads\/2025\/03\/28-klrenzersfellner-027-1024x683.jpg 1024w, http:\/\/www.kpddrava.at\/wp-content\/uploads\/2025\/03\/28-klrenzersfellner-027-300x200.jpg 300w, http:\/\/www.kpddrava.at\/wp-content\/uploads\/2025\/03\/28-klrenzersfellner-027-768x512.jpg 768w, http:\/\/www.kpddrava.at\/wp-content\/uploads\/2025\/03\/28-klrenzersfellner-027.jpg 1300w\" sizes=\"auto, (max-width: 767px) 89vw, (max-width: 1000px) 54vw, (max-width: 1071px) 543px, 580px\" \/><\/a><\/figure>\n\n\n\n<figure class=\"wp-block-image size-large\"><a href=\"http:\/\/www.kpddrava.at\/wp-content\/uploads\/2025\/03\/29-klrenzersfellner-028.jpg\"><img loading=\"lazy\" decoding=\"async\" width=\"1024\" height=\"683\" data-id=\"22602\" src=\"http:\/\/www.kpddrava.at\/wp-content\/uploads\/2025\/03\/29-klrenzersfellner-028-1024x683.jpg\" alt=\"\" class=\"wp-image-22602\" srcset=\"http:\/\/www.kpddrava.at\/wp-content\/uploads\/2025\/03\/29-klrenzersfellner-028-1024x683.jpg 1024w, http:\/\/www.kpddrava.at\/wp-content\/uploads\/2025\/03\/29-klrenzersfellner-028-300x200.jpg 300w, http:\/\/www.kpddrava.at\/wp-content\/uploads\/2025\/03\/29-klrenzersfellner-028-768x512.jpg 768w, http:\/\/www.kpddrava.at\/wp-content\/uploads\/2025\/03\/29-klrenzersfellner-028.jpg 1300w\" sizes=\"auto, (max-width: 767px) 89vw, (max-width: 1000px) 54vw, (max-width: 1071px) 543px, 580px\" \/><\/a><\/figure>\n\n\n\n<figure class=\"wp-block-image size-large\"><a href=\"http:\/\/www.kpddrava.at\/wp-content\/uploads\/2025\/03\/30-klrenzersfellner-029.jpg\"><img loading=\"lazy\" decoding=\"async\" width=\"1024\" height=\"683\" data-id=\"22604\" src=\"http:\/\/www.kpddrava.at\/wp-content\/uploads\/2025\/03\/30-klrenzersfellner-029-1024x683.jpg\" alt=\"\" class=\"wp-image-22604\" srcset=\"http:\/\/www.kpddrava.at\/wp-content\/uploads\/2025\/03\/30-klrenzersfellner-029-1024x683.jpg 1024w, http:\/\/www.kpddrava.at\/wp-content\/uploads\/2025\/03\/30-klrenzersfellner-029-300x200.jpg 300w, http:\/\/www.kpddrava.at\/wp-content\/uploads\/2025\/03\/30-klrenzersfellner-029-768x512.jpg 768w, http:\/\/www.kpddrava.at\/wp-content\/uploads\/2025\/03\/30-klrenzersfellner-029.jpg 1300w\" sizes=\"auto, (max-width: 767px) 89vw, (max-width: 1000px) 54vw, (max-width: 1071px) 543px, 580px\" \/><\/a><\/figure>\n\n\n\n<figure class=\"wp-block-image size-large\"><a href=\"http:\/\/www.kpddrava.at\/wp-content\/uploads\/2025\/03\/31-klrenzersfellner-030.jpg\"><img loading=\"lazy\" decoding=\"async\" width=\"1024\" height=\"682\" data-id=\"22605\" src=\"http:\/\/www.kpddrava.at\/wp-content\/uploads\/2025\/03\/31-klrenzersfellner-030-1024x682.jpg\" alt=\"\" class=\"wp-image-22605\" srcset=\"http:\/\/www.kpddrava.at\/wp-content\/uploads\/2025\/03\/31-klrenzersfellner-030-1024x682.jpg 1024w, http:\/\/www.kpddrava.at\/wp-content\/uploads\/2025\/03\/31-klrenzersfellner-030-300x200.jpg 300w, http:\/\/www.kpddrava.at\/wp-content\/uploads\/2025\/03\/31-klrenzersfellner-030-768x512.jpg 768w, http:\/\/www.kpddrava.at\/wp-content\/uploads\/2025\/03\/31-klrenzersfellner-030.jpg 1300w\" sizes=\"auto, (max-width: 767px) 89vw, (max-width: 1000px) 54vw, (max-width: 1071px) 543px, 580px\" \/><\/a><\/figure>\n\n\n\n<figure class=\"wp-block-image size-large\"><a href=\"http:\/\/www.kpddrava.at\/wp-content\/uploads\/2025\/03\/32-klrenzersfellner-031.jpg\"><img loading=\"lazy\" decoding=\"async\" width=\"1024\" height=\"684\" data-id=\"22606\" src=\"http:\/\/www.kpddrava.at\/wp-content\/uploads\/2025\/03\/32-klrenzersfellner-031-1024x684.jpg\" alt=\"\" class=\"wp-image-22606\" srcset=\"http:\/\/www.kpddrava.at\/wp-content\/uploads\/2025\/03\/32-klrenzersfellner-031-1024x684.jpg 1024w, http:\/\/www.kpddrava.at\/wp-content\/uploads\/2025\/03\/32-klrenzersfellner-031-300x200.jpg 300w, http:\/\/www.kpddrava.at\/wp-content\/uploads\/2025\/03\/32-klrenzersfellner-031-768x513.jpg 768w, http:\/\/www.kpddrava.at\/wp-content\/uploads\/2025\/03\/32-klrenzersfellner-031.jpg 1300w\" sizes=\"auto, (max-width: 767px) 89vw, (max-width: 1000px) 54vw, (max-width: 1071px) 543px, 580px\" \/><\/a><\/figure>\n\n\n\n<figure class=\"wp-block-image size-large\"><a href=\"http:\/\/www.kpddrava.at\/wp-content\/uploads\/2025\/03\/33-klrenzersfellner-032.jpg\"><img loading=\"lazy\" decoding=\"async\" width=\"1024\" height=\"683\" data-id=\"22608\" src=\"http:\/\/www.kpddrava.at\/wp-content\/uploads\/2025\/03\/33-klrenzersfellner-032-1024x683.jpg\" alt=\"\" class=\"wp-image-22608\" srcset=\"http:\/\/www.kpddrava.at\/wp-content\/uploads\/2025\/03\/33-klrenzersfellner-032-1024x683.jpg 1024w, http:\/\/www.kpddrava.at\/wp-content\/uploads\/2025\/03\/33-klrenzersfellner-032-300x200.jpg 300w, http:\/\/www.kpddrava.at\/wp-content\/uploads\/2025\/03\/33-klrenzersfellner-032-768x512.jpg 768w, http:\/\/www.kpddrava.at\/wp-content\/uploads\/2025\/03\/33-klrenzersfellner-032.jpg 1300w\" sizes=\"auto, (max-width: 767px) 89vw, (max-width: 1000px) 54vw, (max-width: 1071px) 543px, 580px\" \/><\/a><\/figure>\n\n\n\n<figure class=\"wp-block-image size-large\"><a href=\"http:\/\/www.kpddrava.at\/wp-content\/uploads\/2025\/03\/34-klrenzersfellner-033.jpg\"><img loading=\"lazy\" decoding=\"async\" width=\"1024\" height=\"683\" data-id=\"22607\" src=\"http:\/\/www.kpddrava.at\/wp-content\/uploads\/2025\/03\/34-klrenzersfellner-033-1024x683.jpg\" alt=\"\" class=\"wp-image-22607\" srcset=\"http:\/\/www.kpddrava.at\/wp-content\/uploads\/2025\/03\/34-klrenzersfellner-033-1024x683.jpg 1024w, http:\/\/www.kpddrava.at\/wp-content\/uploads\/2025\/03\/34-klrenzersfellner-033-300x200.jpg 300w, http:\/\/www.kpddrava.at\/wp-content\/uploads\/2025\/03\/34-klrenzersfellner-033-768x512.jpg 768w, http:\/\/www.kpddrava.at\/wp-content\/uploads\/2025\/03\/34-klrenzersfellner-033.jpg 1300w\" sizes=\"auto, (max-width: 767px) 89vw, (max-width: 1000px) 54vw, (max-width: 1071px) 543px, 580px\" \/><\/a><\/figure>\n\n\n\n<figure class=\"wp-block-image size-large\"><a href=\"http:\/\/www.kpddrava.at\/wp-content\/uploads\/2025\/03\/35-klrenzersfellner-034.jpg\"><img loading=\"lazy\" decoding=\"async\" width=\"1024\" height=\"682\" data-id=\"22609\" src=\"http:\/\/www.kpddrava.at\/wp-content\/uploads\/2025\/03\/35-klrenzersfellner-034-1024x682.jpg\" alt=\"\" class=\"wp-image-22609\" srcset=\"http:\/\/www.kpddrava.at\/wp-content\/uploads\/2025\/03\/35-klrenzersfellner-034-1024x682.jpg 1024w, http:\/\/www.kpddrava.at\/wp-content\/uploads\/2025\/03\/35-klrenzersfellner-034-300x200.jpg 300w, http:\/\/www.kpddrava.at\/wp-content\/uploads\/2025\/03\/35-klrenzersfellner-034-768x512.jpg 768w, http:\/\/www.kpddrava.at\/wp-content\/uploads\/2025\/03\/35-klrenzersfellner-034.jpg 1300w\" sizes=\"auto, (max-width: 767px) 89vw, (max-width: 1000px) 54vw, (max-width: 1071px) 543px, 580px\" \/><\/a><\/figure>\n\n\n\n<figure class=\"wp-block-image size-large\"><a href=\"http:\/\/www.kpddrava.at\/wp-content\/uploads\/2025\/03\/36-klrenzersfellner-035.jpg\"><img loading=\"lazy\" decoding=\"async\" width=\"1024\" height=\"683\" data-id=\"22610\" src=\"http:\/\/www.kpddrava.at\/wp-content\/uploads\/2025\/03\/36-klrenzersfellner-035-1024x683.jpg\" alt=\"\" class=\"wp-image-22610\" srcset=\"http:\/\/www.kpddrava.at\/wp-content\/uploads\/2025\/03\/36-klrenzersfellner-035-1024x683.jpg 1024w, http:\/\/www.kpddrava.at\/wp-content\/uploads\/2025\/03\/36-klrenzersfellner-035-300x200.jpg 300w, http:\/\/www.kpddrava.at\/wp-content\/uploads\/2025\/03\/36-klrenzersfellner-035-768x512.jpg 768w, http:\/\/www.kpddrava.at\/wp-content\/uploads\/2025\/03\/36-klrenzersfellner-035.jpg 1300w\" sizes=\"auto, (max-width: 767px) 89vw, (max-width: 1000px) 54vw, (max-width: 1071px) 543px, 580px\" \/><\/a><\/figure>\n\n\n\n<figure class=\"wp-block-image size-large\"><a href=\"http:\/\/www.kpddrava.at\/wp-content\/uploads\/2025\/03\/37-klrenzersfellner-036.jpg\"><img loading=\"lazy\" decoding=\"async\" width=\"1024\" height=\"683\" data-id=\"22611\" src=\"http:\/\/www.kpddrava.at\/wp-content\/uploads\/2025\/03\/37-klrenzersfellner-036-1024x683.jpg\" alt=\"\" class=\"wp-image-22611\" srcset=\"http:\/\/www.kpddrava.at\/wp-content\/uploads\/2025\/03\/37-klrenzersfellner-036-1024x683.jpg 1024w, http:\/\/www.kpddrava.at\/wp-content\/uploads\/2025\/03\/37-klrenzersfellner-036-300x200.jpg 300w, http:\/\/www.kpddrava.at\/wp-content\/uploads\/2025\/03\/37-klrenzersfellner-036-768x512.jpg 768w, http:\/\/www.kpddrava.at\/wp-content\/uploads\/2025\/03\/37-klrenzersfellner-036.jpg 1300w\" sizes=\"auto, (max-width: 767px) 89vw, (max-width: 1000px) 54vw, (max-width: 1071px) 543px, 580px\" \/><\/a><\/figure>\n<\/figure>\n\n\n\n\n\n<p><a href=\"http:\/\/www.kpddrava.at\/wp-content\/uploads\/2025\/03\/letak_Enzersfellner_pop.jpg\"><img loading=\"lazy\" decoding=\"async\" class=\"aligncenter wp-image-22521 size-full\" src=\"http:\/\/www.kpddrava.at\/wp-content\/uploads\/2025\/03\/letak_Enzersfellner_pop.jpg\" alt=\"\" width=\"526\" height=\"511\" srcset=\"http:\/\/www.kpddrava.at\/wp-content\/uploads\/2025\/03\/letak_Enzersfellner_pop.jpg 526w, http:\/\/www.kpddrava.at\/wp-content\/uploads\/2025\/03\/letak_Enzersfellner_pop-300x291.jpg 300w\" sizes=\"auto, (max-width: 526px) 100vw, 526px\" \/><\/a><\/p>\n\n\n\n<p>V prijetnem ambientu Hi\u0161e kulture v \u017dvabeku bo potekala slavnostna otvoritev razstave del avstrijskega umetnika Hansa Enzersfellnerja. Ve\u010der bo glasbeno obogatil zbor Pevsko-instrumentalna skupina pod vodstvom Vere Sadjak, umetnika pa bo ob\u010dinstvu predstavil Raimund Grilc.<\/p>\n\n\n\n<p>Hans Enzersfellner, rojen leta 1952 v Lilienfeldu (Spodnja Avstrija), je svojo ustvarjalno pot za\u010del kot pleskar in tapetnik, nato pa svoje znanje izpopolnil kot dekorater. Njegova prva umetni\u0161ka dela so bile ne\u017ene, s tu\u0161em in peresom ustvarjene upodobitve pokrajin in gorskih motivov. S\u010dasoma je njegovo oko vedno bolj pritegoval \u010dlovek \u2013 v vseh svojih izraznih odtenkih, od portretov do aktov.<\/p>\n\n\n\n<p>Slikarske delavnice pri priznanih profesorjih Robertu Schmittu in Hansu Stockbauerju so mu odprle vrata v svet eksperimentiranja z novimi tehnikami in materiali \u2013 akrilnimi barvami, laki in spajanje razli\u010dnih tekstur z lopatico. Poleg slikarstva ga navdu\u0161uje tudi oblikovanje gledali\u0161kih scen, pisanje knjig in ilustriranje.<\/p>\n\n\n\n<p>Kot svobodomiseln ustvarjalec se ne navezuje na dolo\u010dene umetni\u0161ke skupine ali \u0161ole. Njegov slog najdemo nekje med ekspresivno figuraliko in intuitivnim raziskovanjem barv ter form. Njegova dela so \u017ee navdu\u0161evala ob\u010dinstvo na Dunaju, v Spodnji Avstriji in na Koro\u0161kem \u2013 zdaj pa bodo svoje mesto na\u0161la tudi v \u017dvabeku.<\/p>\n\n\n\n<p>HANS ENZERSFELLNER<\/p>\n\n\n\n<p>Vernissage im Haus der Kultur \/ Hi\u0161a kulture in Schwabegg \/ \u017dvabek<\/p>\n\n\n\n<p>am Samstag, dem 5. April, um 19.30 Uhr<\/p>\n\n\n\n<p>In der stimmungsvollen Atmosph\u00e4re des Hauses der Kultur in Schwabegg wird die feierliche Er\u00f6ffnung der Ausstellung des \u00f6sterreichischen K\u00fcnstlers Hans Enzersfellner stattfinden. Musikalisch umrahmt wird der Abend vom Chor Pevsko-instrumentalna skupina unter der Leitung von Vera Sadjak. Die Einf\u00fchrung in das Schaffen des K\u00fcnstlers \u00fcbernimmt Raimund Grilc.<\/p>\n\n\n\n<p>Hans Enzersfellner, geboren 1952 in Lilienfeld (Nieder\u00f6sterreich), begann seinen beruflichen Werdegang als Maler und Tapezierer, bevor er sich zum Dekorateur ausbilden lie\u00df. Seine k\u00fcnstlerische Reise begann mit feinen Tusche- und Federzeichnungen von Landschaften und Bergmotiven. Doch mit der Zeit wurde der Mensch zum Mittelpunkt seines Schaffens \u2013 eingefangen in eindrucksvollen Portr\u00e4ts und Aktdarstellungen.<\/p>\n\n\n\n<p>Malerseminare bei den renommierten Professoren Robert Schmitt und Hans Stockbauer weckten in ihm die Freude am Experimentieren mit neuen Techniken und Materialien \u2013 Acrylfarben, Lacke und Spachteltechnik wurden zu seinen Ausdrucksmitteln. Neben der Malerei ist Enzersfellner auch als B\u00fchnenbildner, Buchautor und Illustrator t\u00e4tig.<\/p>\n\n\n\n<p>Als freigeistiger K\u00fcnstler bleibt er unabh\u00e4ngig von Schulen und Gruppierungen. Sein Stil bewegt sich im Spannungsfeld zwischen expressiver Gegenst\u00e4ndlichkeit und intuitivem Farbenspiel. Seine Werke fanden bereits in Wien, Nieder\u00f6sterreich und K\u00e4rnten gro\u00dfe Beachtung \u2013 nun sind sie auch in Schwabegg zu entdecken.<\/p>\n<p>&nbsp;<\/p>\n","protected":false},"excerpt":{"rendered":"<p>V prijetnem ambientu Hi\u0161e kulture v \u017dvabeku bo potekala slavnostna otvoritev razstave del avstrijskega umetnika Hansa Enzersfellnerja. Ve\u010der bo glasbeno obogatil zbor Pevsko-instrumentalna skupina pod vodstvom Vere Sadjak, umetnika pa bo ob\u010dinstvu predstavil Raimund Grilc. Hans Enzersfellner, rojen leta 1952 v Lilienfeldu (Spodnja Avstrija), je svojo ustvarjalno pot za\u010del kot pleskar in tapetnik, nato pa &hellip; <\/p>\n<p class=\"link-more\"><a href=\"http:\/\/www.kpddrava.at\/?p=22481\" class=\"more-link\"><span class=\"screen-reader-text\">\u201eOdprtje razstave: Hans Enzersfellner 05.04.2025\u201c<\/span> weiterlesen<\/a><\/p>\n","protected":false},"author":4,"featured_media":0,"comment_status":"closed","ping_status":"","sticky":false,"template":"","format":"standard","meta":{"ngg_post_thumbnail":0,"footnotes":""},"categories":[1],"tags":[],"class_list":["post-22481","post","type-post","status-publish","format-standard","hentry","category-allgemein"],"_links":{"self":[{"href":"http:\/\/www.kpddrava.at\/index.php?rest_route=\/wp\/v2\/posts\/22481","targetHints":{"allow":["GET"]}}],"collection":[{"href":"http:\/\/www.kpddrava.at\/index.php?rest_route=\/wp\/v2\/posts"}],"about":[{"href":"http:\/\/www.kpddrava.at\/index.php?rest_route=\/wp\/v2\/types\/post"}],"author":[{"embeddable":true,"href":"http:\/\/www.kpddrava.at\/index.php?rest_route=\/wp\/v2\/users\/4"}],"replies":[{"embeddable":true,"href":"http:\/\/www.kpddrava.at\/index.php?rest_route=%2Fwp%2Fv2%2Fcomments&post=22481"}],"version-history":[{"count":4,"href":"http:\/\/www.kpddrava.at\/index.php?rest_route=\/wp\/v2\/posts\/22481\/revisions"}],"predecessor-version":[{"id":22612,"href":"http:\/\/www.kpddrava.at\/index.php?rest_route=\/wp\/v2\/posts\/22481\/revisions\/22612"}],"wp:attachment":[{"href":"http:\/\/www.kpddrava.at\/index.php?rest_route=%2Fwp%2Fv2%2Fmedia&parent=22481"}],"wp:term":[{"taxonomy":"category","embeddable":true,"href":"http:\/\/www.kpddrava.at\/index.php?rest_route=%2Fwp%2Fv2%2Fcategories&post=22481"},{"taxonomy":"post_tag","embeddable":true,"href":"http:\/\/www.kpddrava.at\/index.php?rest_route=%2Fwp%2Fv2%2Ftags&post=22481"}],"curies":[{"name":"wp","href":"https:\/\/api.w.org\/{rel}","templated":true}]}}