{"id":22489,"date":"2025-03-24T08:52:40","date_gmt":"2025-03-24T07:52:40","guid":{"rendered":"http:\/\/www.kpddrava.at\/?p=22489"},"modified":"2025-04-19T16:15:31","modified_gmt":"2025-04-19T14:15:31","slug":"osr-vida-logar-ostr-prof-mag-jokej-logar","status":"publish","type":"post","link":"http:\/\/www.kpddrava.at\/?p=22489","title":{"rendered":"OSR Dir. Vida Logar, OStR Prof. Mag. Jokej Logar &#8211; 24. marec 2025"},"content":{"rendered":"\n<figure class=\"wp-block-image size-large\"><a href=\"http:\/\/www.kpddrava.at\/wp-content\/uploads\/2025\/03\/223bbf64-b7ec-40d6-b31c-6d2ba920e658-scaled.jpg\"><img loading=\"lazy\" decoding=\"async\" width=\"1024\" height=\"683\" src=\"http:\/\/www.kpddrava.at\/wp-content\/uploads\/2025\/03\/223bbf64-b7ec-40d6-b31c-6d2ba920e658-1024x683.jpg\" alt=\"\" class=\"wp-image-22490\" srcset=\"http:\/\/www.kpddrava.at\/wp-content\/uploads\/2025\/03\/223bbf64-b7ec-40d6-b31c-6d2ba920e658-1024x683.jpg 1024w, http:\/\/www.kpddrava.at\/wp-content\/uploads\/2025\/03\/223bbf64-b7ec-40d6-b31c-6d2ba920e658-300x200.jpg 300w, http:\/\/www.kpddrava.at\/wp-content\/uploads\/2025\/03\/223bbf64-b7ec-40d6-b31c-6d2ba920e658-768x512.jpg 768w, http:\/\/www.kpddrava.at\/wp-content\/uploads\/2025\/03\/223bbf64-b7ec-40d6-b31c-6d2ba920e658-1536x1024.jpg 1536w, http:\/\/www.kpddrava.at\/wp-content\/uploads\/2025\/03\/223bbf64-b7ec-40d6-b31c-6d2ba920e658-2048x1365.jpg 2048w\" sizes=\"auto, (max-width: 767px) 89vw, (max-width: 1000px) 54vw, (max-width: 1071px) 543px, 580px\" \/><\/a><\/figure>\n\n\n\n<figure class=\"wp-block-image size-large\"><a href=\"http:\/\/www.kpddrava.at\/wp-content\/uploads\/2025\/03\/jokej-scaled.jpg\"><img loading=\"lazy\" decoding=\"async\" width=\"1024\" height=\"681\" src=\"http:\/\/www.kpddrava.at\/wp-content\/uploads\/2025\/03\/jokej-1024x681.jpg\" alt=\"\" class=\"wp-image-22491\" srcset=\"http:\/\/www.kpddrava.at\/wp-content\/uploads\/2025\/03\/jokej-1024x681.jpg 1024w, http:\/\/www.kpddrava.at\/wp-content\/uploads\/2025\/03\/jokej-300x200.jpg 300w, http:\/\/www.kpddrava.at\/wp-content\/uploads\/2025\/03\/jokej-768x511.jpg 768w, http:\/\/www.kpddrava.at\/wp-content\/uploads\/2025\/03\/jokej-1536x1022.jpg 1536w, http:\/\/www.kpddrava.at\/wp-content\/uploads\/2025\/03\/jokej-2048x1363.jpg 2048w\" sizes=\"auto, (max-width: 767px) 89vw, (max-width: 1000px) 54vw, (max-width: 1071px) 543px, 580px\" \/><\/a><\/figure>\n\n\n\n<p>V dvorani Koro\u0161ke de\u017eelne vlade je de\u017eelni glavar Peter Kaiser podelil \u010dastne naslove. <strong>Vida Logar<\/strong> je bila imenovana za vi\u0161jo \u0161olsko svetnico, predsednik KPD Drava <strong>Jokej Logar<\/strong> pa za vi\u0161jega \u0161tudijskega svetnika. \u201eTo so ljudje, ki svoje delo namenjajo pozitivnemu razvoju Koro\u0161ke. Opravljajo pomembno delo, pogosto neopa\u017eeno v ozadju, in s tem zagotavljajo nemoten potek delovanja de\u017eele,\u201c je dejal Kaiser, ki je tudi kadrovski referent.<\/p>\n\n\n\n<p>Slovesnosti so se udele\u017eili tudi de\u017eelni poslanec in predstavnik zaposlenih v obveznem \u0161olstvu Stefan Sandrieser, de\u017eelni direktor Dieter Platzer in njegov namestnik Markus Matschek, predsednik de\u017eelnega upravnega sodi\u0161\u010da Armin Rago\u00dfnig, direktorica za izobra\u017eevanje Isabella Penz s predsednikom urada Peterjem Reichmannom, predsednik zobozdravni\u0161ke zbornice Karl Rezac, okrajni glavar Johannes Leitner, vodja zdravstvenega oddelka Klaus Friede, vodja ustavnega oddelka Edmund Primosch in predstavnica zaposlenih Ulrike Micheler-Eisner.<\/p>\n\n\n\n<p>Za glasbeno spremljavo je poskrbela glasbena \u0161ola Katolnig. Iskrene \u010destitke!<\/p>\n\n\n\n<p>Im Spiegelsaal der K\u00e4rntner Landesregierung wurden von Landeshauptmann Peter Kaiser Berufstitel verliehen. Vida Logar wurde zur Oberschulr\u00e4tin ernannt, KPD Drava Obmann Jokej Logar zum Oberstudienrat. \u201eDas sind Menschen, die ihre Arbeitskraft f\u00fcr die positive Entwicklung K\u00e4rntens zur Verf\u00fcgung stellen. Sie leisten wichtige Arbeit, oft unsichtbar im Hintergrund, und halten damit das Land am Laufen\u201c, so Kaiser auch als Personalreferent. Wir gratulieren!<\/p>\n<p>&nbsp;<\/p>\n","protected":false},"excerpt":{"rendered":"<p>V dvorani Koro\u0161ke de\u017eelne vlade je de\u017eelni glavar Peter Kaiser podelil \u010dastne naslove. Vida Logar je bila imenovana za vi\u0161jo \u0161olsko svetnico, predsednik KPD Drava Jokej Logar pa za vi\u0161jega \u0161tudijskega svetnika. \u201eTo so ljudje, ki svoje delo namenjajo pozitivnemu razvoju Koro\u0161ke. Opravljajo pomembno delo, pogosto neopa\u017eeno v ozadju, in s tem zagotavljajo nemoten potek &hellip; <\/p>\n<p class=\"link-more\"><a href=\"http:\/\/www.kpddrava.at\/?p=22489\" class=\"more-link\"><span class=\"screen-reader-text\">\u201eOSR Dir. Vida Logar, OStR Prof. Mag. Jokej Logar &#8211; 24. marec 2025\u201c<\/span> weiterlesen<\/a><\/p>\n","protected":false},"author":4,"featured_media":0,"comment_status":"closed","ping_status":"","sticky":false,"template":"","format":"standard","meta":{"ngg_post_thumbnail":0,"footnotes":""},"categories":[1],"tags":[],"class_list":["post-22489","post","type-post","status-publish","format-standard","hentry","category-allgemein"],"_links":{"self":[{"href":"http:\/\/www.kpddrava.at\/index.php?rest_route=\/wp\/v2\/posts\/22489","targetHints":{"allow":["GET"]}}],"collection":[{"href":"http:\/\/www.kpddrava.at\/index.php?rest_route=\/wp\/v2\/posts"}],"about":[{"href":"http:\/\/www.kpddrava.at\/index.php?rest_route=\/wp\/v2\/types\/post"}],"author":[{"embeddable":true,"href":"http:\/\/www.kpddrava.at\/index.php?rest_route=\/wp\/v2\/users\/4"}],"replies":[{"embeddable":true,"href":"http:\/\/www.kpddrava.at\/index.php?rest_route=%2Fwp%2Fv2%2Fcomments&post=22489"}],"version-history":[{"count":6,"href":"http:\/\/www.kpddrava.at\/index.php?rest_route=\/wp\/v2\/posts\/22489\/revisions"}],"predecessor-version":[{"id":22502,"href":"http:\/\/www.kpddrava.at\/index.php?rest_route=\/wp\/v2\/posts\/22489\/revisions\/22502"}],"wp:attachment":[{"href":"http:\/\/www.kpddrava.at\/index.php?rest_route=%2Fwp%2Fv2%2Fmedia&parent=22489"}],"wp:term":[{"taxonomy":"category","embeddable":true,"href":"http:\/\/www.kpddrava.at\/index.php?rest_route=%2Fwp%2Fv2%2Fcategories&post=22489"},{"taxonomy":"post_tag","embeddable":true,"href":"http:\/\/www.kpddrava.at\/index.php?rest_route=%2Fwp%2Fv2%2Ftags&post=22489"}],"curies":[{"name":"wp","href":"https:\/\/api.w.org\/{rel}","templated":true}]}}