{"id":22526,"date":"2025-04-09T23:02:00","date_gmt":"2025-04-09T21:02:00","guid":{"rendered":"http:\/\/www.kpddrava.at\/?p=22526"},"modified":"2025-04-25T08:13:13","modified_gmt":"2025-04-25T06:13:13","slug":"koroski-kulturni-dnevi-v-ljubljani-9-4-2024","status":"publish","type":"post","link":"http:\/\/www.kpddrava.at\/?p=22526","title":{"rendered":"Koro\u0161ki kulturni dnevi v Ljubljani &#8211; K\u00e4rntner Kulturtage, 9.4.2024"},"content":{"rendered":"\n<p>Leto\u0161nji Koro\u0161ki kulturni dnevi v Ljubljani, ki potekajo do 22. marca do 23. aprila na raznih prizori\u0161\u010dih slovenske prestolnice, nudijo pester pogled na kulturno dejavnost slovenske manj\u0161ine v Avstriji. Tako je tudi na\u0161e dru\u0161tvo dobilo prilo\u017enost, da se tam predstavi \u0161ir\u0161i slovenski javnosti. Pogovore na podiju je vodila Lidija Golc.<\/p>\n<p>V prostorih Slovenske Matice na Kongresnem trgu so se v sredo, 9. aprila predstavil a tri dru\u0161tva iz Ro\u017ea, Podjune in Zile. Predsednik Marjan Gallob je opisal bogato ustvarjalnost SPZ Dobra\u010d iz Brnce, ki ima ve\u010d kot 120-letno tradicijo in je aktivno predvsem v spodnji ziljski dolini. Vinko Wieser, nagrajenec Javnega sklada RS za kulturne dejavnosti, je predstavil Slovensko prosvetno dru\u0161tvo Gorjanci \u2013 Kotmara vas, ki pionirsko deluje na podro\u010dju zapisovanja krajevnih in ledinskih imen. V imenu KPD Drava pa je predsednik Jokej Logar \u0161tevilni publiki predstavil obse\u017eno delovanje dru\u0161tvenih skupin, PIS \u017dvabek, Okteta Suha, Skupine Sanje, Lutk Suha in tudi doma\u010dega kantavtorja in zvezdogleda Pepeja Krop. Orisal je aktivnosti, ki segajo od koncertov, iger, kreativno-umetni\u0161kih projektov, razstav v Hi\u0161i kulture vse tja do etnolo\u0161kih projketov, verskih in dru\u017eabnih prireditev. Mnoge so tudi prekomejnega zna\u010daja.&nbsp;<\/p>\n<p>Med \u0161tevilnimi gosti so prislunili gospa Natalija Toplak Koprivnikar z Urada za Slovence v zamejstvu in po svetu, predstavnika SPZ in KKZ, Mitja Rov\u0161ek in Martin Kuchling, predsednik Kluba Koro\u0161kih Slovencev v Ljubljani, Janez Stergar in nekdanji prvi ministrski predsednik Republike Slovenije, Lojze Peterle.<\/p>\n<p><iframe loading=\"lazy\" title=\"Predstavitev delovanja slovenskih kulturnih dru\u0161tev na Koro\u0161kem\" width=\"525\" height=\"295\" src=\"https:\/\/www.youtube.com\/embed\/8xF7f7ZOGJY?feature=oembed\" frameborder=\"0\" allow=\"accelerometer; autoplay; clipboard-write; encrypted-media; gyroscope; picture-in-picture; web-share\" referrerpolicy=\"strict-origin-when-cross-origin\" allowfullscreen><\/iframe><\/p>\n<p>Prisluhnite tudi prispevku na Radio Agora:<\/p>\n<p><span style=\"color: #0000ff;\">https:\/\/www.agora.at\/sendungen-oddaje\/detail\/which\/agora-obzorja#<\/span><\/p>\n<p><a href=\"http:\/\/www.kpddrava.at\/wp-content\/uploads\/2025\/04\/Peterle-scaled.jpeg\"><img loading=\"lazy\" decoding=\"async\" class=\"alignnone wp-image-22528 size-full\" src=\"http:\/\/www.kpddrava.at\/wp-content\/uploads\/2025\/04\/Peterle-scaled.jpeg\" alt=\"\" width=\"2560\" height=\"1920\" srcset=\"http:\/\/www.kpddrava.at\/wp-content\/uploads\/2025\/04\/Peterle-scaled.jpeg 2560w, http:\/\/www.kpddrava.at\/wp-content\/uploads\/2025\/04\/Peterle-300x225.jpeg 300w, http:\/\/www.kpddrava.at\/wp-content\/uploads\/2025\/04\/Peterle-1024x768.jpeg 1024w, http:\/\/www.kpddrava.at\/wp-content\/uploads\/2025\/04\/Peterle-768x576.jpeg 768w, http:\/\/www.kpddrava.at\/wp-content\/uploads\/2025\/04\/Peterle-1536x1152.jpeg 1536w, http:\/\/www.kpddrava.at\/wp-content\/uploads\/2025\/04\/Peterle-2048x1536.jpeg 2048w\" sizes=\"auto, (max-width: 767px) 89vw, (max-width: 1000px) 54vw, (max-width: 1071px) 543px, 580px\" \/><\/a><\/p>\n<p>Gro\u00df war das mediale und Publikumsinteresse, als sich am 9. April im Rahmen der K\u00e4rntner Kulturtage in Ljubljana drei S\u00fcdk\u00e4rntner Kulturvereine in der slowenischen Hauptstadt pr\u00e4sentieren konnten. Aus dem Gailtal war Marjan Gallob f\u00fcr den Kulturverein Dobra\u010d aus F\u00fcrnitz\/Brnca angereist, aus dem Rosental vertrat Vinko Wieser den slowenischen Kulturverein Gorjanci aus K\u00f6ttmannsdorf\/Kotmara vas und aus dem Jauntal war der Obmann des Kulturvereines KPD Drava, Jokej Logar mit Begleitung angereist. Die Vormittagsveranstaltung in den R\u00e4umen der Glasbena Matica wurde von Lidija Golc moderiert.<\/p>\n<p>Unter den interessierten Zuh\u00f6rern sah man u.a. Natalija Toplak-Koprivnikar vom Ministerium f\u00fcr Auslandsslowenen, Mitja Rov\u0161ek und Martin Kuchling f\u00fcr die Kulturorganisationen der K\u00e4rntner Slowenen, der Obmann des veranstaltenden Vereines der K\u00e4rntner in Slowenien, Janez Stergar und der Ex-Ministerpr\u00e4sident der Republik Slowenien, Lojze Peterle.<\/p>\n\n\n\n<p><a href=\"http:\/\/www.kpddrava.at\/wp-content\/uploads\/2025\/04\/publika_m.jpg\"><img loading=\"lazy\" decoding=\"async\" class=\"alignnone wp-image-22534 size-full\" src=\"http:\/\/www.kpddrava.at\/wp-content\/uploads\/2025\/04\/publika_m.jpg\" alt=\"\" width=\"2000\" height=\"1500\" srcset=\"http:\/\/www.kpddrava.at\/wp-content\/uploads\/2025\/04\/publika_m.jpg 2000w, http:\/\/www.kpddrava.at\/wp-content\/uploads\/2025\/04\/publika_m-300x225.jpg 300w, http:\/\/www.kpddrava.at\/wp-content\/uploads\/2025\/04\/publika_m-1024x768.jpg 1024w, http:\/\/www.kpddrava.at\/wp-content\/uploads\/2025\/04\/publika_m-768x576.jpg 768w, http:\/\/www.kpddrava.at\/wp-content\/uploads\/2025\/04\/publika_m-1536x1152.jpg 1536w\" sizes=\"auto, (max-width: 767px) 89vw, (max-width: 1000px) 54vw, (max-width: 1071px) 543px, 580px\" \/><\/a><\/p>\n\n\n\n<p><a href=\"http:\/\/www.kpddrava.at\/wp-content\/uploads\/2025\/04\/20250409_114059-scaled.jpg\"><img loading=\"lazy\" decoding=\"async\" class=\"alignnone wp-image-22538 size-full\" src=\"http:\/\/www.kpddrava.at\/wp-content\/uploads\/2025\/04\/20250409_114059-scaled-e1744349208168.jpg\" alt=\"\" width=\"1440\" height=\"1498\" srcset=\"http:\/\/www.kpddrava.at\/wp-content\/uploads\/2025\/04\/20250409_114059-scaled-e1744349208168.jpg 1440w, http:\/\/www.kpddrava.at\/wp-content\/uploads\/2025\/04\/20250409_114059-scaled-e1744349208168-288x300.jpg 288w, http:\/\/www.kpddrava.at\/wp-content\/uploads\/2025\/04\/20250409_114059-scaled-e1744349208168-984x1024.jpg 984w, http:\/\/www.kpddrava.at\/wp-content\/uploads\/2025\/04\/20250409_114059-scaled-e1744349208168-768x799.jpg 768w\" sizes=\"auto, (max-width: 767px) 89vw, (max-width: 1000px) 54vw, (max-width: 1071px) 543px, 580px\" \/><\/a><\/p>\n\n\n\n\n\n\n","protected":false},"excerpt":{"rendered":"<p>Leto\u0161nji Koro\u0161ki kulturni dnevi v Ljubljani, ki potekajo do 22. marca do 23. aprila na raznih prizori\u0161\u010dih slovenske prestolnice, nudijo pester pogled na kulturno dejavnost slovenske manj\u0161ine v Avstriji. Tako je tudi na\u0161e dru\u0161tvo dobilo prilo\u017enost, da se tam predstavi \u0161ir\u0161i slovenski javnosti. Pogovore na podiju je vodila Lidija Golc. V prostorih Slovenske Matice na &hellip; <\/p>\n<p class=\"link-more\"><a href=\"http:\/\/www.kpddrava.at\/?p=22526\" class=\"more-link\"><span class=\"screen-reader-text\">\u201eKoro\u0161ki kulturni dnevi v Ljubljani &#8211; K\u00e4rntner Kulturtage, 9.4.2024\u201c<\/span> weiterlesen<\/a><\/p>\n","protected":false},"author":4,"featured_media":22527,"comment_status":"closed","ping_status":"","sticky":false,"template":"","format":"standard","meta":{"ngg_post_thumbnail":0,"footnotes":""},"categories":[1],"tags":[],"class_list":["post-22526","post","type-post","status-publish","format-standard","has-post-thumbnail","hentry","category-allgemein"],"_links":{"self":[{"href":"http:\/\/www.kpddrava.at\/index.php?rest_route=\/wp\/v2\/posts\/22526","targetHints":{"allow":["GET"]}}],"collection":[{"href":"http:\/\/www.kpddrava.at\/index.php?rest_route=\/wp\/v2\/posts"}],"about":[{"href":"http:\/\/www.kpddrava.at\/index.php?rest_route=\/wp\/v2\/types\/post"}],"author":[{"embeddable":true,"href":"http:\/\/www.kpddrava.at\/index.php?rest_route=\/wp\/v2\/users\/4"}],"replies":[{"embeddable":true,"href":"http:\/\/www.kpddrava.at\/index.php?rest_route=%2Fwp%2Fv2%2Fcomments&post=22526"}],"version-history":[{"count":11,"href":"http:\/\/www.kpddrava.at\/index.php?rest_route=\/wp\/v2\/posts\/22526\/revisions"}],"predecessor-version":[{"id":22654,"href":"http:\/\/www.kpddrava.at\/index.php?rest_route=\/wp\/v2\/posts\/22526\/revisions\/22654"}],"wp:featuredmedia":[{"embeddable":true,"href":"http:\/\/www.kpddrava.at\/index.php?rest_route=\/wp\/v2\/media\/22527"}],"wp:attachment":[{"href":"http:\/\/www.kpddrava.at\/index.php?rest_route=%2Fwp%2Fv2%2Fmedia&parent=22526"}],"wp:term":[{"taxonomy":"category","embeddable":true,"href":"http:\/\/www.kpddrava.at\/index.php?rest_route=%2Fwp%2Fv2%2Fcategories&post=22526"},{"taxonomy":"post_tag","embeddable":true,"href":"http:\/\/www.kpddrava.at\/index.php?rest_route=%2Fwp%2Fv2%2Ftags&post=22526"}],"curies":[{"name":"wp","href":"https:\/\/api.w.org\/{rel}","templated":true}]}}