{"id":23177,"date":"2025-10-02T15:12:57","date_gmt":"2025-10-02T13:12:57","guid":{"rendered":"http:\/\/www.kpddrava.at\/?p=23177"},"modified":"2025-10-11T11:09:59","modified_gmt":"2025-10-11T09:09:59","slug":"skupina-sanje-na-druzinskem-petju-v-dobrli-vasi-28-09-2025","status":"publish","type":"post","link":"http:\/\/www.kpddrava.at\/?p=23177","title":{"rendered":"Skupina SANJE na dru\u017einskem petju v Dobrli vasi 28.09.2025"},"content":{"rendered":"\n<p data-start=\"168\" data-end=\"235\"><strong data-start=\"168\" data-end=\"235\">Dru\u017einsko petje v Dobrli vasi navdu\u0161ilo z glasbo in doma\u010dnostjo. Skupina SANJE iz Suhe je navdu\u0161ila obiskovalce.<\/strong><\/p>\n<p data-start=\"237\" data-end=\"530\">Dobrla vas, 28. september \u2013 V nedeljo popoldne je Kulturni dom v Dobrli vasi napolnila pesem, toplina in medgeneracijska povezanost. Po desetletnem premoru je ponovno za\u017eivelo <strong data-start=\"413\" data-end=\"432\">Dru\u017einsko petje<\/strong>, ki ga pripravljata <strong data-start=\"453\" data-end=\"489\">Slovensko prosvetno dru\u0161tvo Srce<\/strong> in <strong data-start=\"493\" data-end=\"527\">Kr\u0161\u010danska kulturna zveza (KKZ)<\/strong>.<\/p>\n<p data-start=\"532\" data-end=\"707\">Ob\u010dinstvo je u\u017eivalo v raznolikem programu, kjer so se na odru zvrstile dru\u017eine in glasbene skupine, ki s pesmijo bogatijo vsakdan ter ohranjajo slovensko besedo in kulturo.<\/p>\n<p data-start=\"949\" data-end=\"1156\">Program je povezoval <strong data-start=\"970\" data-end=\"987\">Peter Grilliz<\/strong>, ki je s spro\u0161\u010denim nagovorom in toplino poskrbel za prijetno vzdu\u0161je v dvorani. Vsaka dru\u017eina je nastop pospremila s svojo zgodbo, kar je ve\u010der \u0161e dodatno obogatilo.<\/p>\n<p data-start=\"1158\" data-end=\"1362\">Organizatorji so izrazili veselje, da so po dolgih letih znova obudili ta dogodek, ki je dokaz, kako pomembno je petje v dru\u017einskem krogu \u2013 ne le kot kulturna dedi\u0161\u010dina, temve\u010d kot vez med generacijami.<\/p>\n<p data-start=\"1364\" data-end=\"1490\">Ob koncu so se pevci in poslu\u0161alci zdru\u017eili v skupni pesmi, kar je \u0161e enkrat potrdilo geslo prireditve: <strong data-start=\"1468\" data-end=\"1487\">glasba povezuje<\/strong>.<\/p>\n<p data-start=\"1492\" data-end=\"1620\">Dogodek je bil dobro obiskan, odzivi ob\u010dinstva pa navdu\u0161eni, zato organizatorji \u017ee razmi\u0161ljajo o ponovitvi v prihodnjih letih.<\/p>\n\n\n\n<figure class=\"wp-block-image size-large\"><a href=\"http:\/\/www.kpddrava.at\/wp-content\/uploads\/2025\/09\/2.jpg\"><img loading=\"lazy\" decoding=\"async\" width=\"724\" height=\"1024\" src=\"http:\/\/www.kpddrava.at\/wp-content\/uploads\/2025\/09\/2-724x1024.jpg\" alt=\"\" class=\"wp-image-23178\" srcset=\"http:\/\/www.kpddrava.at\/wp-content\/uploads\/2025\/09\/2-724x1024.jpg 724w, http:\/\/www.kpddrava.at\/wp-content\/uploads\/2025\/09\/2-212x300.jpg 212w, http:\/\/www.kpddrava.at\/wp-content\/uploads\/2025\/09\/2-768x1086.jpg 768w, http:\/\/www.kpddrava.at\/wp-content\/uploads\/2025\/09\/2-1086x1536.jpg 1086w, http:\/\/www.kpddrava.at\/wp-content\/uploads\/2025\/09\/2.jpg 1131w\" sizes=\"auto, (max-width: 724px) 100vw, 724px\" \/><\/a><\/figure>\n\n\n\n<p><a href=\"https:\/\/www.kath-kirche-kaernten.at\/dioezese\/detail\/C2646\/dokler-bomo-peli-bomo-zhiveli\" target=\"_blank\" rel=\"noopener\">Poro\u010dilo v Nedelji<\/a><\/p>\n\n\n\n\n","protected":false},"excerpt":{"rendered":"<p>Dru\u017einsko petje v Dobrli vasi navdu\u0161ilo z glasbo in doma\u010dnostjo. Skupina SANJE iz Suhe je navdu\u0161ila obiskovalce. Dobrla vas, 28. september \u2013 V nedeljo popoldne je Kulturni dom v Dobrli vasi napolnila pesem, toplina in medgeneracijska povezanost. Po desetletnem premoru je ponovno za\u017eivelo Dru\u017einsko petje, ki ga pripravljata Slovensko prosvetno dru\u0161tvo Srce in Kr\u0161\u010danska kulturna &hellip; <\/p>\n<p class=\"link-more\"><a href=\"http:\/\/www.kpddrava.at\/?p=23177\" class=\"more-link\"><span class=\"screen-reader-text\">\u201eSkupina SANJE na dru\u017einskem petju v Dobrli vasi 28.09.2025\u201c<\/span> weiterlesen<\/a><\/p>\n","protected":false},"author":4,"featured_media":0,"comment_status":"closed","ping_status":"","sticky":false,"template":"","format":"standard","meta":{"ngg_post_thumbnail":0,"footnotes":""},"categories":[1],"tags":[],"class_list":["post-23177","post","type-post","status-publish","format-standard","hentry","category-allgemein"],"_links":{"self":[{"href":"http:\/\/www.kpddrava.at\/index.php?rest_route=\/wp\/v2\/posts\/23177","targetHints":{"allow":["GET"]}}],"collection":[{"href":"http:\/\/www.kpddrava.at\/index.php?rest_route=\/wp\/v2\/posts"}],"about":[{"href":"http:\/\/www.kpddrava.at\/index.php?rest_route=\/wp\/v2\/types\/post"}],"author":[{"embeddable":true,"href":"http:\/\/www.kpddrava.at\/index.php?rest_route=\/wp\/v2\/users\/4"}],"replies":[{"embeddable":true,"href":"http:\/\/www.kpddrava.at\/index.php?rest_route=%2Fwp%2Fv2%2Fcomments&post=23177"}],"version-history":[{"count":9,"href":"http:\/\/www.kpddrava.at\/index.php?rest_route=\/wp\/v2\/posts\/23177\/revisions"}],"predecessor-version":[{"id":23193,"href":"http:\/\/www.kpddrava.at\/index.php?rest_route=\/wp\/v2\/posts\/23177\/revisions\/23193"}],"wp:attachment":[{"href":"http:\/\/www.kpddrava.at\/index.php?rest_route=%2Fwp%2Fv2%2Fmedia&parent=23177"}],"wp:term":[{"taxonomy":"category","embeddable":true,"href":"http:\/\/www.kpddrava.at\/index.php?rest_route=%2Fwp%2Fv2%2Fcategories&post=23177"},{"taxonomy":"post_tag","embeddable":true,"href":"http:\/\/www.kpddrava.at\/index.php?rest_route=%2Fwp%2Fv2%2Ftags&post=23177"}],"curies":[{"name":"wp","href":"https:\/\/api.w.org\/{rel}","templated":true}]}}