{"id":23635,"date":"2025-11-28T13:16:10","date_gmt":"2025-11-28T12:16:10","guid":{"rendered":"http:\/\/www.kpddrava.at\/?p=23635"},"modified":"2025-11-28T13:18:59","modified_gmt":"2025-11-28T12:18:59","slug":"jesenski-koncert-original-kaerntner-abend-22-11-2025-gostilna-hafner","status":"publish","type":"post","link":"http:\/\/www.kpddrava.at\/?p=23635","title":{"rendered":"Jesenski koncert\/Original K\u00e4rntner Abend 22.11.2025 Gostilna Hafner"},"content":{"rendered":"\n<figure class=\"wp-block-image size-large\"><a href=\"http:\/\/www.kpddrava.at\/wp-content\/uploads\/2025\/11\/alle1.jpg\"><img loading=\"lazy\" decoding=\"async\" width=\"1024\" height=\"684\" src=\"http:\/\/www.kpddrava.at\/wp-content\/uploads\/2025\/11\/alle1-1024x684.jpg\" alt=\"\" class=\"wp-image-23636\" srcset=\"http:\/\/www.kpddrava.at\/wp-content\/uploads\/2025\/11\/alle1-1024x684.jpg 1024w, http:\/\/www.kpddrava.at\/wp-content\/uploads\/2025\/11\/alle1-300x200.jpg 300w, http:\/\/www.kpddrava.at\/wp-content\/uploads\/2025\/11\/alle1-768x513.jpg 768w, http:\/\/www.kpddrava.at\/wp-content\/uploads\/2025\/11\/alle1-1536x1025.jpg 1536w, http:\/\/www.kpddrava.at\/wp-content\/uploads\/2025\/11\/alle1.jpg 2000w\" sizes=\"auto, (max-width: 767px) 89vw, (max-width: 1000px) 54vw, (max-width: 1071px) 543px, 580px\" \/><\/a><\/figure>\n\n\n\n<p>Jesenski koncert Kulturnega dru\u0161tva Drava v gostilni Hafner<\/p>\n<p>V soboto, 22. novembra, je v gostilni Hafner v Oberdorfu\/Gornja vas potekal tradicionalni jesenski koncert Kulturnega dru\u0161tva Drava. Pod geslom \u201eOriginalni koro\u0161ki ve\u010der \u2013 Original K\u00e4rntner Abend\u201c so zbori obeh narodnih skupnosti pripravili glasbeno raznolik ve\u010der. Gostje so bili ansambel \u201eLavantklang\u201c pod vodstvom Anne Kienzer iz Ettendorfa, ki je bil leta 2016 finalist na tekmovanju zborov ORF. Iz Dobrle vasi je pri\u0161el znani mladinski zbor \u201eSweethearts\u201c, ki ga vodita Sonja Woschitz in Paula Schein-Kontschitsch. Prav tako so nastopili Oktet Suha, skupina \u201eSanje\u201c pod vodstvom Engelberta Logarja ter pevsko-instrumentalna skupina KPD Drava pod vodstvom Vere Sadjak.<\/p>\n<p>Jesenski koncert, ki ima \u017ee ve\u010d kot tri desetletja pomembno mesto v kulturnem \u017eivljenju regije, je letos potekal ob dveh jubilejih: 115 let Kulturnega dru\u0161tva Drava in 10 let Hi\u0161e kulture. Program je vodil predsednik KPD Drava Jakob Logar.<\/p>\n<p>Za odli\u010dno pogostitev sta poskrbela gostitelja Sabine in Peter Rupitz, \u0161tevilni \u010dastni gostje pa so bili prisr\u010dno pozdravljeni. Koncert so obiskali: dekan Ivan Olip, \u017eupan Patrick Skubel, ob\u010dinski svetnik Peter Trampusch, direktor Zadruge Stefan Domej, vodja urada Regina Wiedl, Hans Kaiser, predsednik Dru\u0161tva lovcev Koro\u0161ke, direktor Danilo Katz, Georg Mandl iz Kulturnega doma v Pliberku\/Bleiburgu, Rudi Kontschitsch, upokojeni ban\u010dnik, Gerhard Visotschnig, predsednik Izobra\u017eevalnega dru\u0161tva V\u00f6lkermarkt, zdravnici Helene Domej in Klara Logar ter Verena Jamer, predsednica Kulturnega dru\u0161tva Rinkenberg\/Vogr\u010de.<\/p>\n\n\n\n<figure class=\"wp-block-gallery has-nested-images columns-default is-cropped wp-block-gallery-1 is-layout-flex wp-block-gallery-is-layout-flex\">\n<figure class=\"wp-block-image size-large\"><a href=\"http:\/\/www.kpddrava.at\/wp-content\/uploads\/2025\/11\/01-klrjesenskikoncert2025_.jpg\"><img loading=\"lazy\" decoding=\"async\" width=\"1024\" height=\"683\" data-id=\"23637\" src=\"http:\/\/www.kpddrava.at\/wp-content\/uploads\/2025\/11\/01-klrjesenskikoncert2025_-1024x683.jpg\" alt=\"\" class=\"wp-image-23637\" srcset=\"http:\/\/www.kpddrava.at\/wp-content\/uploads\/2025\/11\/01-klrjesenskikoncert2025_-1024x683.jpg 1024w, http:\/\/www.kpddrava.at\/wp-content\/uploads\/2025\/11\/01-klrjesenskikoncert2025_-300x200.jpg 300w, http:\/\/www.kpddrava.at\/wp-content\/uploads\/2025\/11\/01-klrjesenskikoncert2025_-768x512.jpg 768w, http:\/\/www.kpddrava.at\/wp-content\/uploads\/2025\/11\/01-klrjesenskikoncert2025_-1536x1025.jpg 1536w, http:\/\/www.kpddrava.at\/wp-content\/uploads\/2025\/11\/01-klrjesenskikoncert2025_.jpg 2000w\" sizes=\"auto, (max-width: 767px) 89vw, (max-width: 1000px) 54vw, (max-width: 1071px) 543px, 580px\" \/><\/a><\/figure>\n\n\n\n<figure class=\"wp-block-image size-large\"><a href=\"http:\/\/www.kpddrava.at\/wp-content\/uploads\/2025\/11\/02-klrjesenskikoncert2025_-001.jpg\"><img loading=\"lazy\" decoding=\"async\" width=\"1024\" height=\"682\" data-id=\"23639\" src=\"http:\/\/www.kpddrava.at\/wp-content\/uploads\/2025\/11\/02-klrjesenskikoncert2025_-001-1024x682.jpg\" alt=\"\" class=\"wp-image-23639\" srcset=\"http:\/\/www.kpddrava.at\/wp-content\/uploads\/2025\/11\/02-klrjesenskikoncert2025_-001-1024x682.jpg 1024w, http:\/\/www.kpddrava.at\/wp-content\/uploads\/2025\/11\/02-klrjesenskikoncert2025_-001-300x200.jpg 300w, http:\/\/www.kpddrava.at\/wp-content\/uploads\/2025\/11\/02-klrjesenskikoncert2025_-001-768x511.jpg 768w, http:\/\/www.kpddrava.at\/wp-content\/uploads\/2025\/11\/02-klrjesenskikoncert2025_-001-1536x1023.jpg 1536w, http:\/\/www.kpddrava.at\/wp-content\/uploads\/2025\/11\/02-klrjesenskikoncert2025_-001.jpg 2000w\" sizes=\"auto, (max-width: 767px) 89vw, (max-width: 1000px) 54vw, (max-width: 1071px) 543px, 580px\" \/><\/a><\/figure>\n\n\n\n<figure class=\"wp-block-image size-large\"><a href=\"http:\/\/www.kpddrava.at\/wp-content\/uploads\/2025\/11\/03-klrjesenskikoncert2025_-002.jpg\"><img loading=\"lazy\" decoding=\"async\" width=\"1024\" height=\"684\" data-id=\"23640\" src=\"http:\/\/www.kpddrava.at\/wp-content\/uploads\/2025\/11\/03-klrjesenskikoncert2025_-002-1024x684.jpg\" alt=\"\" class=\"wp-image-23640\" srcset=\"http:\/\/www.kpddrava.at\/wp-content\/uploads\/2025\/11\/03-klrjesenskikoncert2025_-002-1024x684.jpg 1024w, http:\/\/www.kpddrava.at\/wp-content\/uploads\/2025\/11\/03-klrjesenskikoncert2025_-002-300x200.jpg 300w, http:\/\/www.kpddrava.at\/wp-content\/uploads\/2025\/11\/03-klrjesenskikoncert2025_-002-768x513.jpg 768w, http:\/\/www.kpddrava.at\/wp-content\/uploads\/2025\/11\/03-klrjesenskikoncert2025_-002-1536x1025.jpg 1536w, http:\/\/www.kpddrava.at\/wp-content\/uploads\/2025\/11\/03-klrjesenskikoncert2025_-002.jpg 2000w\" sizes=\"auto, (max-width: 767px) 89vw, (max-width: 1000px) 54vw, (max-width: 1071px) 543px, 580px\" \/><\/a><\/figure>\n\n\n\n<figure class=\"wp-block-image size-large\"><a href=\"http:\/\/www.kpddrava.at\/wp-content\/uploads\/2025\/11\/04-klrjesenskikoncert2025_-003.jpg\"><img loading=\"lazy\" decoding=\"async\" width=\"1024\" height=\"683\" data-id=\"23641\" src=\"http:\/\/www.kpddrava.at\/wp-content\/uploads\/2025\/11\/04-klrjesenskikoncert2025_-003-1024x683.jpg\" alt=\"\" class=\"wp-image-23641\" srcset=\"http:\/\/www.kpddrava.at\/wp-content\/uploads\/2025\/11\/04-klrjesenskikoncert2025_-003-1024x683.jpg 1024w, http:\/\/www.kpddrava.at\/wp-content\/uploads\/2025\/11\/04-klrjesenskikoncert2025_-003-300x200.jpg 300w, http:\/\/www.kpddrava.at\/wp-content\/uploads\/2025\/11\/04-klrjesenskikoncert2025_-003-768x512.jpg 768w, http:\/\/www.kpddrava.at\/wp-content\/uploads\/2025\/11\/04-klrjesenskikoncert2025_-003-1536x1025.jpg 1536w, http:\/\/www.kpddrava.at\/wp-content\/uploads\/2025\/11\/04-klrjesenskikoncert2025_-003.jpg 2000w\" sizes=\"auto, (max-width: 767px) 89vw, (max-width: 1000px) 54vw, (max-width: 1071px) 543px, 580px\" \/><\/a><\/figure>\n\n\n\n<figure class=\"wp-block-image size-large\"><a href=\"http:\/\/www.kpddrava.at\/wp-content\/uploads\/2025\/11\/05-klrjesenskikoncert2025_-004.jpg\"><img loading=\"lazy\" decoding=\"async\" width=\"1024\" height=\"683\" data-id=\"23642\" src=\"http:\/\/www.kpddrava.at\/wp-content\/uploads\/2025\/11\/05-klrjesenskikoncert2025_-004-1024x683.jpg\" alt=\"\" class=\"wp-image-23642\" srcset=\"http:\/\/www.kpddrava.at\/wp-content\/uploads\/2025\/11\/05-klrjesenskikoncert2025_-004-1024x683.jpg 1024w, http:\/\/www.kpddrava.at\/wp-content\/uploads\/2025\/11\/05-klrjesenskikoncert2025_-004-300x200.jpg 300w, http:\/\/www.kpddrava.at\/wp-content\/uploads\/2025\/11\/05-klrjesenskikoncert2025_-004-768x512.jpg 768w, http:\/\/www.kpddrava.at\/wp-content\/uploads\/2025\/11\/05-klrjesenskikoncert2025_-004-1536x1025.jpg 1536w, http:\/\/www.kpddrava.at\/wp-content\/uploads\/2025\/11\/05-klrjesenskikoncert2025_-004.jpg 2000w\" sizes=\"auto, (max-width: 767px) 89vw, (max-width: 1000px) 54vw, (max-width: 1071px) 543px, 580px\" \/><\/a><\/figure>\n\n\n\n<figure class=\"wp-block-image size-large\"><a href=\"http:\/\/www.kpddrava.at\/wp-content\/uploads\/2025\/11\/06-klrjesenskikoncert2025_-005.jpg\"><img loading=\"lazy\" decoding=\"async\" width=\"1024\" height=\"683\" data-id=\"23638\" src=\"http:\/\/www.kpddrava.at\/wp-content\/uploads\/2025\/11\/06-klrjesenskikoncert2025_-005-1024x683.jpg\" alt=\"\" class=\"wp-image-23638\" srcset=\"http:\/\/www.kpddrava.at\/wp-content\/uploads\/2025\/11\/06-klrjesenskikoncert2025_-005-1024x683.jpg 1024w, http:\/\/www.kpddrava.at\/wp-content\/uploads\/2025\/11\/06-klrjesenskikoncert2025_-005-300x200.jpg 300w, http:\/\/www.kpddrava.at\/wp-content\/uploads\/2025\/11\/06-klrjesenskikoncert2025_-005-768x512.jpg 768w, http:\/\/www.kpddrava.at\/wp-content\/uploads\/2025\/11\/06-klrjesenskikoncert2025_-005-1536x1025.jpg 1536w, http:\/\/www.kpddrava.at\/wp-content\/uploads\/2025\/11\/06-klrjesenskikoncert2025_-005.jpg 2000w\" sizes=\"auto, (max-width: 767px) 89vw, (max-width: 1000px) 54vw, (max-width: 1071px) 543px, 580px\" \/><\/a><\/figure>\n\n\n\n<figure class=\"wp-block-image size-large\"><a href=\"http:\/\/www.kpddrava.at\/wp-content\/uploads\/2025\/11\/07-klrjesenskikoncert2025_-006.jpg\"><img loading=\"lazy\" decoding=\"async\" width=\"1024\" height=\"684\" data-id=\"23643\" src=\"http:\/\/www.kpddrava.at\/wp-content\/uploads\/2025\/11\/07-klrjesenskikoncert2025_-006-1024x684.jpg\" alt=\"\" class=\"wp-image-23643\" srcset=\"http:\/\/www.kpddrava.at\/wp-content\/uploads\/2025\/11\/07-klrjesenskikoncert2025_-006-1024x684.jpg 1024w, http:\/\/www.kpddrava.at\/wp-content\/uploads\/2025\/11\/07-klrjesenskikoncert2025_-006-300x200.jpg 300w, http:\/\/www.kpddrava.at\/wp-content\/uploads\/2025\/11\/07-klrjesenskikoncert2025_-006-768x513.jpg 768w, http:\/\/www.kpddrava.at\/wp-content\/uploads\/2025\/11\/07-klrjesenskikoncert2025_-006-1536x1026.jpg 1536w, http:\/\/www.kpddrava.at\/wp-content\/uploads\/2025\/11\/07-klrjesenskikoncert2025_-006.jpg 2000w\" sizes=\"auto, (max-width: 767px) 89vw, (max-width: 1000px) 54vw, (max-width: 1071px) 543px, 580px\" \/><\/a><\/figure>\n\n\n\n<figure class=\"wp-block-image size-large\"><a href=\"http:\/\/www.kpddrava.at\/wp-content\/uploads\/2025\/11\/08-klrjesenskikoncert2025_-007.jpg\"><img loading=\"lazy\" decoding=\"async\" width=\"1024\" height=\"684\" data-id=\"23644\" src=\"http:\/\/www.kpddrava.at\/wp-content\/uploads\/2025\/11\/08-klrjesenskikoncert2025_-007-1024x684.jpg\" alt=\"\" class=\"wp-image-23644\" srcset=\"http:\/\/www.kpddrava.at\/wp-content\/uploads\/2025\/11\/08-klrjesenskikoncert2025_-007-1024x684.jpg 1024w, http:\/\/www.kpddrava.at\/wp-content\/uploads\/2025\/11\/08-klrjesenskikoncert2025_-007-300x200.jpg 300w, http:\/\/www.kpddrava.at\/wp-content\/uploads\/2025\/11\/08-klrjesenskikoncert2025_-007-768x513.jpg 768w, http:\/\/www.kpddrava.at\/wp-content\/uploads\/2025\/11\/08-klrjesenskikoncert2025_-007-1536x1026.jpg 1536w, http:\/\/www.kpddrava.at\/wp-content\/uploads\/2025\/11\/08-klrjesenskikoncert2025_-007.jpg 2000w\" sizes=\"auto, (max-width: 767px) 89vw, (max-width: 1000px) 54vw, (max-width: 1071px) 543px, 580px\" \/><\/a><\/figure>\n\n\n\n<figure class=\"wp-block-image size-large\"><a href=\"http:\/\/www.kpddrava.at\/wp-content\/uploads\/2025\/11\/09-klrjesenskikoncert2025_-008.jpg\"><img loading=\"lazy\" decoding=\"async\" width=\"1024\" height=\"683\" data-id=\"23646\" src=\"http:\/\/www.kpddrava.at\/wp-content\/uploads\/2025\/11\/09-klrjesenskikoncert2025_-008-1024x683.jpg\" alt=\"\" class=\"wp-image-23646\" srcset=\"http:\/\/www.kpddrava.at\/wp-content\/uploads\/2025\/11\/09-klrjesenskikoncert2025_-008-1024x683.jpg 1024w, http:\/\/www.kpddrava.at\/wp-content\/uploads\/2025\/11\/09-klrjesenskikoncert2025_-008-300x200.jpg 300w, http:\/\/www.kpddrava.at\/wp-content\/uploads\/2025\/11\/09-klrjesenskikoncert2025_-008-768x512.jpg 768w, http:\/\/www.kpddrava.at\/wp-content\/uploads\/2025\/11\/09-klrjesenskikoncert2025_-008-1536x1025.jpg 1536w, http:\/\/www.kpddrava.at\/wp-content\/uploads\/2025\/11\/09-klrjesenskikoncert2025_-008.jpg 2000w\" sizes=\"auto, (max-width: 767px) 89vw, (max-width: 1000px) 54vw, (max-width: 1071px) 543px, 580px\" \/><\/a><\/figure>\n\n\n\n<figure class=\"wp-block-image size-large\"><a href=\"http:\/\/www.kpddrava.at\/wp-content\/uploads\/2025\/11\/10-klrjesenskikoncert2025_-009.jpg\"><img loading=\"lazy\" decoding=\"async\" width=\"1024\" height=\"684\" data-id=\"23648\" src=\"http:\/\/www.kpddrava.at\/wp-content\/uploads\/2025\/11\/10-klrjesenskikoncert2025_-009-1024x684.jpg\" alt=\"\" class=\"wp-image-23648\" srcset=\"http:\/\/www.kpddrava.at\/wp-content\/uploads\/2025\/11\/10-klrjesenskikoncert2025_-009-1024x684.jpg 1024w, http:\/\/www.kpddrava.at\/wp-content\/uploads\/2025\/11\/10-klrjesenskikoncert2025_-009-300x200.jpg 300w, http:\/\/www.kpddrava.at\/wp-content\/uploads\/2025\/11\/10-klrjesenskikoncert2025_-009-768x513.jpg 768w, http:\/\/www.kpddrava.at\/wp-content\/uploads\/2025\/11\/10-klrjesenskikoncert2025_-009-1536x1025.jpg 1536w, http:\/\/www.kpddrava.at\/wp-content\/uploads\/2025\/11\/10-klrjesenskikoncert2025_-009.jpg 2000w\" sizes=\"auto, (max-width: 767px) 89vw, (max-width: 1000px) 54vw, (max-width: 1071px) 543px, 580px\" \/><\/a><\/figure>\n\n\n\n<figure class=\"wp-block-image size-large\"><a href=\"http:\/\/www.kpddrava.at\/wp-content\/uploads\/2025\/11\/11-klrjesenskikoncert2025_-010.jpg\"><img loading=\"lazy\" decoding=\"async\" width=\"1024\" height=\"683\" data-id=\"23647\" src=\"http:\/\/www.kpddrava.at\/wp-content\/uploads\/2025\/11\/11-klrjesenskikoncert2025_-010-1024x683.jpg\" alt=\"\" class=\"wp-image-23647\" srcset=\"http:\/\/www.kpddrava.at\/wp-content\/uploads\/2025\/11\/11-klrjesenskikoncert2025_-010-1024x683.jpg 1024w, http:\/\/www.kpddrava.at\/wp-content\/uploads\/2025\/11\/11-klrjesenskikoncert2025_-010-300x200.jpg 300w, http:\/\/www.kpddrava.at\/wp-content\/uploads\/2025\/11\/11-klrjesenskikoncert2025_-010-768x512.jpg 768w, http:\/\/www.kpddrava.at\/wp-content\/uploads\/2025\/11\/11-klrjesenskikoncert2025_-010-1536x1025.jpg 1536w, http:\/\/www.kpddrava.at\/wp-content\/uploads\/2025\/11\/11-klrjesenskikoncert2025_-010.jpg 2000w\" sizes=\"auto, (max-width: 767px) 89vw, (max-width: 1000px) 54vw, (max-width: 1071px) 543px, 580px\" \/><\/a><\/figure>\n\n\n\n<figure class=\"wp-block-image size-large\"><a href=\"http:\/\/www.kpddrava.at\/wp-content\/uploads\/2025\/11\/12-klrjesenskikoncert2025_-011.jpg\"><img loading=\"lazy\" decoding=\"async\" width=\"1024\" height=\"683\" data-id=\"23649\" src=\"http:\/\/www.kpddrava.at\/wp-content\/uploads\/2025\/11\/12-klrjesenskikoncert2025_-011-1024x683.jpg\" alt=\"\" class=\"wp-image-23649\" srcset=\"http:\/\/www.kpddrava.at\/wp-content\/uploads\/2025\/11\/12-klrjesenskikoncert2025_-011-1024x683.jpg 1024w, http:\/\/www.kpddrava.at\/wp-content\/uploads\/2025\/11\/12-klrjesenskikoncert2025_-011-300x200.jpg 300w, http:\/\/www.kpddrava.at\/wp-content\/uploads\/2025\/11\/12-klrjesenskikoncert2025_-011-768x512.jpg 768w, http:\/\/www.kpddrava.at\/wp-content\/uploads\/2025\/11\/12-klrjesenskikoncert2025_-011-1536x1025.jpg 1536w, http:\/\/www.kpddrava.at\/wp-content\/uploads\/2025\/11\/12-klrjesenskikoncert2025_-011.jpg 2000w\" sizes=\"auto, (max-width: 767px) 89vw, (max-width: 1000px) 54vw, (max-width: 1071px) 543px, 580px\" \/><\/a><\/figure>\n\n\n\n<figure class=\"wp-block-image size-large\"><a href=\"http:\/\/www.kpddrava.at\/wp-content\/uploads\/2025\/11\/13-klrjesenskikoncert2025_-012.jpg\"><img loading=\"lazy\" decoding=\"async\" width=\"1024\" height=\"683\" data-id=\"23645\" src=\"http:\/\/www.kpddrava.at\/wp-content\/uploads\/2025\/11\/13-klrjesenskikoncert2025_-012-1024x683.jpg\" alt=\"\" class=\"wp-image-23645\" srcset=\"http:\/\/www.kpddrava.at\/wp-content\/uploads\/2025\/11\/13-klrjesenskikoncert2025_-012-1024x683.jpg 1024w, http:\/\/www.kpddrava.at\/wp-content\/uploads\/2025\/11\/13-klrjesenskikoncert2025_-012-300x200.jpg 300w, http:\/\/www.kpddrava.at\/wp-content\/uploads\/2025\/11\/13-klrjesenskikoncert2025_-012-768x512.jpg 768w, http:\/\/www.kpddrava.at\/wp-content\/uploads\/2025\/11\/13-klrjesenskikoncert2025_-012-1536x1025.jpg 1536w, http:\/\/www.kpddrava.at\/wp-content\/uploads\/2025\/11\/13-klrjesenskikoncert2025_-012.jpg 2000w\" sizes=\"auto, (max-width: 767px) 89vw, (max-width: 1000px) 54vw, (max-width: 1071px) 543px, 580px\" \/><\/a><\/figure>\n\n\n\n<figure class=\"wp-block-image size-large\"><a href=\"http:\/\/www.kpddrava.at\/wp-content\/uploads\/2025\/11\/14-klrjesenskikoncert2025_-013.jpg\"><img loading=\"lazy\" decoding=\"async\" width=\"1024\" height=\"683\" data-id=\"23650\" src=\"http:\/\/www.kpddrava.at\/wp-content\/uploads\/2025\/11\/14-klrjesenskikoncert2025_-013-1024x683.jpg\" alt=\"\" class=\"wp-image-23650\" srcset=\"http:\/\/www.kpddrava.at\/wp-content\/uploads\/2025\/11\/14-klrjesenskikoncert2025_-013-1024x683.jpg 1024w, http:\/\/www.kpddrava.at\/wp-content\/uploads\/2025\/11\/14-klrjesenskikoncert2025_-013-300x200.jpg 300w, http:\/\/www.kpddrava.at\/wp-content\/uploads\/2025\/11\/14-klrjesenskikoncert2025_-013-768x512.jpg 768w, http:\/\/www.kpddrava.at\/wp-content\/uploads\/2025\/11\/14-klrjesenskikoncert2025_-013-1536x1025.jpg 1536w, http:\/\/www.kpddrava.at\/wp-content\/uploads\/2025\/11\/14-klrjesenskikoncert2025_-013.jpg 2000w\" sizes=\"auto, (max-width: 767px) 89vw, (max-width: 1000px) 54vw, (max-width: 1071px) 543px, 580px\" \/><\/a><\/figure>\n\n\n\n<figure class=\"wp-block-image size-large\"><a href=\"http:\/\/www.kpddrava.at\/wp-content\/uploads\/2025\/11\/15-klrjesenskikoncert2025_-014.jpg\"><img loading=\"lazy\" decoding=\"async\" width=\"1024\" height=\"684\" data-id=\"23652\" src=\"http:\/\/www.kpddrava.at\/wp-content\/uploads\/2025\/11\/15-klrjesenskikoncert2025_-014-1024x684.jpg\" alt=\"\" class=\"wp-image-23652\" srcset=\"http:\/\/www.kpddrava.at\/wp-content\/uploads\/2025\/11\/15-klrjesenskikoncert2025_-014-1024x684.jpg 1024w, http:\/\/www.kpddrava.at\/wp-content\/uploads\/2025\/11\/15-klrjesenskikoncert2025_-014-300x200.jpg 300w, http:\/\/www.kpddrava.at\/wp-content\/uploads\/2025\/11\/15-klrjesenskikoncert2025_-014-768x513.jpg 768w, http:\/\/www.kpddrava.at\/wp-content\/uploads\/2025\/11\/15-klrjesenskikoncert2025_-014-1536x1025.jpg 1536w, http:\/\/www.kpddrava.at\/wp-content\/uploads\/2025\/11\/15-klrjesenskikoncert2025_-014.jpg 2000w\" sizes=\"auto, (max-width: 767px) 89vw, (max-width: 1000px) 54vw, (max-width: 1071px) 543px, 580px\" \/><\/a><\/figure>\n\n\n\n<figure class=\"wp-block-image size-large\"><a href=\"http:\/\/www.kpddrava.at\/wp-content\/uploads\/2025\/11\/16-klrjesenskikoncert2025_-015.jpg\"><img loading=\"lazy\" decoding=\"async\" width=\"1024\" height=\"684\" data-id=\"23651\" src=\"http:\/\/www.kpddrava.at\/wp-content\/uploads\/2025\/11\/16-klrjesenskikoncert2025_-015-1024x684.jpg\" alt=\"\" class=\"wp-image-23651\" srcset=\"http:\/\/www.kpddrava.at\/wp-content\/uploads\/2025\/11\/16-klrjesenskikoncert2025_-015-1024x684.jpg 1024w, http:\/\/www.kpddrava.at\/wp-content\/uploads\/2025\/11\/16-klrjesenskikoncert2025_-015-300x200.jpg 300w, http:\/\/www.kpddrava.at\/wp-content\/uploads\/2025\/11\/16-klrjesenskikoncert2025_-015-768x513.jpg 768w, http:\/\/www.kpddrava.at\/wp-content\/uploads\/2025\/11\/16-klrjesenskikoncert2025_-015-1536x1025.jpg 1536w, http:\/\/www.kpddrava.at\/wp-content\/uploads\/2025\/11\/16-klrjesenskikoncert2025_-015.jpg 2000w\" sizes=\"auto, (max-width: 767px) 89vw, (max-width: 1000px) 54vw, (max-width: 1071px) 543px, 580px\" \/><\/a><\/figure>\n\n\n\n<figure class=\"wp-block-image size-large\"><a href=\"http:\/\/www.kpddrava.at\/wp-content\/uploads\/2025\/11\/17-klrjesenskikoncert2025_-016.jpg\"><img loading=\"lazy\" decoding=\"async\" width=\"1024\" height=\"684\" data-id=\"23653\" src=\"http:\/\/www.kpddrava.at\/wp-content\/uploads\/2025\/11\/17-klrjesenskikoncert2025_-016-1024x684.jpg\" alt=\"\" class=\"wp-image-23653\" srcset=\"http:\/\/www.kpddrava.at\/wp-content\/uploads\/2025\/11\/17-klrjesenskikoncert2025_-016-1024x684.jpg 1024w, http:\/\/www.kpddrava.at\/wp-content\/uploads\/2025\/11\/17-klrjesenskikoncert2025_-016-300x200.jpg 300w, http:\/\/www.kpddrava.at\/wp-content\/uploads\/2025\/11\/17-klrjesenskikoncert2025_-016-768x513.jpg 768w, http:\/\/www.kpddrava.at\/wp-content\/uploads\/2025\/11\/17-klrjesenskikoncert2025_-016-1536x1025.jpg 1536w, http:\/\/www.kpddrava.at\/wp-content\/uploads\/2025\/11\/17-klrjesenskikoncert2025_-016.jpg 2000w\" sizes=\"auto, (max-width: 767px) 89vw, (max-width: 1000px) 54vw, (max-width: 1071px) 543px, 580px\" \/><\/a><\/figure>\n\n\n\n<figure class=\"wp-block-image size-large\"><a href=\"http:\/\/www.kpddrava.at\/wp-content\/uploads\/2025\/11\/18-klrjesenskikoncert2025_-017.jpg\"><img loading=\"lazy\" decoding=\"async\" width=\"1024\" height=\"683\" data-id=\"23657\" src=\"http:\/\/www.kpddrava.at\/wp-content\/uploads\/2025\/11\/18-klrjesenskikoncert2025_-017-1024x683.jpg\" alt=\"\" class=\"wp-image-23657\" srcset=\"http:\/\/www.kpddrava.at\/wp-content\/uploads\/2025\/11\/18-klrjesenskikoncert2025_-017-1024x683.jpg 1024w, http:\/\/www.kpddrava.at\/wp-content\/uploads\/2025\/11\/18-klrjesenskikoncert2025_-017-300x200.jpg 300w, http:\/\/www.kpddrava.at\/wp-content\/uploads\/2025\/11\/18-klrjesenskikoncert2025_-017-768x512.jpg 768w, http:\/\/www.kpddrava.at\/wp-content\/uploads\/2025\/11\/18-klrjesenskikoncert2025_-017-1536x1025.jpg 1536w, http:\/\/www.kpddrava.at\/wp-content\/uploads\/2025\/11\/18-klrjesenskikoncert2025_-017.jpg 2000w\" sizes=\"auto, (max-width: 767px) 89vw, (max-width: 1000px) 54vw, (max-width: 1071px) 543px, 580px\" \/><\/a><\/figure>\n\n\n\n<figure class=\"wp-block-image size-large\"><a href=\"http:\/\/www.kpddrava.at\/wp-content\/uploads\/2025\/11\/19-klrjesenskikoncert2025_-018.jpg\"><img loading=\"lazy\" decoding=\"async\" width=\"1024\" height=\"683\" data-id=\"23655\" src=\"http:\/\/www.kpddrava.at\/wp-content\/uploads\/2025\/11\/19-klrjesenskikoncert2025_-018-1024x683.jpg\" alt=\"\" class=\"wp-image-23655\" srcset=\"http:\/\/www.kpddrava.at\/wp-content\/uploads\/2025\/11\/19-klrjesenskikoncert2025_-018-1024x683.jpg 1024w, http:\/\/www.kpddrava.at\/wp-content\/uploads\/2025\/11\/19-klrjesenskikoncert2025_-018-300x200.jpg 300w, http:\/\/www.kpddrava.at\/wp-content\/uploads\/2025\/11\/19-klrjesenskikoncert2025_-018-768x512.jpg 768w, http:\/\/www.kpddrava.at\/wp-content\/uploads\/2025\/11\/19-klrjesenskikoncert2025_-018-1536x1025.jpg 1536w, http:\/\/www.kpddrava.at\/wp-content\/uploads\/2025\/11\/19-klrjesenskikoncert2025_-018.jpg 2000w\" sizes=\"auto, (max-width: 767px) 89vw, (max-width: 1000px) 54vw, (max-width: 1071px) 543px, 580px\" \/><\/a><\/figure>\n\n\n\n<figure class=\"wp-block-image size-large\"><a href=\"http:\/\/www.kpddrava.at\/wp-content\/uploads\/2025\/11\/20-klrjesenskikoncert2025_-019.jpg\"><img loading=\"lazy\" decoding=\"async\" width=\"1024\" height=\"682\" data-id=\"23656\" src=\"http:\/\/www.kpddrava.at\/wp-content\/uploads\/2025\/11\/20-klrjesenskikoncert2025_-019-1024x682.jpg\" alt=\"\" class=\"wp-image-23656\" srcset=\"http:\/\/www.kpddrava.at\/wp-content\/uploads\/2025\/11\/20-klrjesenskikoncert2025_-019-1024x682.jpg 1024w, http:\/\/www.kpddrava.at\/wp-content\/uploads\/2025\/11\/20-klrjesenskikoncert2025_-019-300x200.jpg 300w, http:\/\/www.kpddrava.at\/wp-content\/uploads\/2025\/11\/20-klrjesenskikoncert2025_-019-768x511.jpg 768w, http:\/\/www.kpddrava.at\/wp-content\/uploads\/2025\/11\/20-klrjesenskikoncert2025_-019-1536x1023.jpg 1536w, http:\/\/www.kpddrava.at\/wp-content\/uploads\/2025\/11\/20-klrjesenskikoncert2025_-019.jpg 2000w\" sizes=\"auto, (max-width: 767px) 89vw, (max-width: 1000px) 54vw, (max-width: 1071px) 543px, 580px\" \/><\/a><\/figure>\n\n\n\n<figure class=\"wp-block-image size-large\"><a href=\"http:\/\/www.kpddrava.at\/wp-content\/uploads\/2025\/11\/21-klrjesenskikoncert2025_-020.jpg\"><img loading=\"lazy\" decoding=\"async\" width=\"1024\" height=\"683\" data-id=\"23654\" src=\"http:\/\/www.kpddrava.at\/wp-content\/uploads\/2025\/11\/21-klrjesenskikoncert2025_-020-1024x683.jpg\" alt=\"\" class=\"wp-image-23654\" srcset=\"http:\/\/www.kpddrava.at\/wp-content\/uploads\/2025\/11\/21-klrjesenskikoncert2025_-020-1024x683.jpg 1024w, http:\/\/www.kpddrava.at\/wp-content\/uploads\/2025\/11\/21-klrjesenskikoncert2025_-020-300x200.jpg 300w, http:\/\/www.kpddrava.at\/wp-content\/uploads\/2025\/11\/21-klrjesenskikoncert2025_-020-768x512.jpg 768w, http:\/\/www.kpddrava.at\/wp-content\/uploads\/2025\/11\/21-klrjesenskikoncert2025_-020-1536x1025.jpg 1536w, http:\/\/www.kpddrava.at\/wp-content\/uploads\/2025\/11\/21-klrjesenskikoncert2025_-020.jpg 2000w\" sizes=\"auto, (max-width: 767px) 89vw, (max-width: 1000px) 54vw, (max-width: 1071px) 543px, 580px\" \/><\/a><\/figure>\n\n\n\n<figure class=\"wp-block-image size-large\"><a href=\"http:\/\/www.kpddrava.at\/wp-content\/uploads\/2025\/11\/22-klrjesenskikoncert2025_-021.jpg\"><img loading=\"lazy\" decoding=\"async\" width=\"1024\" height=\"682\" data-id=\"23658\" src=\"http:\/\/www.kpddrava.at\/wp-content\/uploads\/2025\/11\/22-klrjesenskikoncert2025_-021-1024x682.jpg\" alt=\"\" class=\"wp-image-23658\" srcset=\"http:\/\/www.kpddrava.at\/wp-content\/uploads\/2025\/11\/22-klrjesenskikoncert2025_-021-1024x682.jpg 1024w, http:\/\/www.kpddrava.at\/wp-content\/uploads\/2025\/11\/22-klrjesenskikoncert2025_-021-300x200.jpg 300w, http:\/\/www.kpddrava.at\/wp-content\/uploads\/2025\/11\/22-klrjesenskikoncert2025_-021-768x512.jpg 768w, http:\/\/www.kpddrava.at\/wp-content\/uploads\/2025\/11\/22-klrjesenskikoncert2025_-021-1536x1024.jpg 1536w, http:\/\/www.kpddrava.at\/wp-content\/uploads\/2025\/11\/22-klrjesenskikoncert2025_-021.jpg 2000w\" sizes=\"auto, (max-width: 767px) 89vw, (max-width: 1000px) 54vw, (max-width: 1071px) 543px, 580px\" \/><\/a><\/figure>\n\n\n\n<figure class=\"wp-block-image size-large\"><a href=\"http:\/\/www.kpddrava.at\/wp-content\/uploads\/2025\/11\/23-klrjesenskikoncert2025_-022.jpg\"><img loading=\"lazy\" decoding=\"async\" width=\"1024\" height=\"682\" data-id=\"23660\" src=\"http:\/\/www.kpddrava.at\/wp-content\/uploads\/2025\/11\/23-klrjesenskikoncert2025_-022-1024x682.jpg\" alt=\"\" class=\"wp-image-23660\" srcset=\"http:\/\/www.kpddrava.at\/wp-content\/uploads\/2025\/11\/23-klrjesenskikoncert2025_-022-1024x682.jpg 1024w, http:\/\/www.kpddrava.at\/wp-content\/uploads\/2025\/11\/23-klrjesenskikoncert2025_-022-300x200.jpg 300w, http:\/\/www.kpddrava.at\/wp-content\/uploads\/2025\/11\/23-klrjesenskikoncert2025_-022-768x512.jpg 768w, http:\/\/www.kpddrava.at\/wp-content\/uploads\/2025\/11\/23-klrjesenskikoncert2025_-022-1536x1024.jpg 1536w, http:\/\/www.kpddrava.at\/wp-content\/uploads\/2025\/11\/23-klrjesenskikoncert2025_-022.jpg 2000w\" sizes=\"auto, (max-width: 767px) 89vw, (max-width: 1000px) 54vw, (max-width: 1071px) 543px, 580px\" \/><\/a><\/figure>\n\n\n\n<figure class=\"wp-block-image size-large\"><a href=\"http:\/\/www.kpddrava.at\/wp-content\/uploads\/2025\/11\/24-klrjesenskikoncert2025_-023.jpg\"><img loading=\"lazy\" decoding=\"async\" width=\"1024\" height=\"684\" data-id=\"23659\" src=\"http:\/\/www.kpddrava.at\/wp-content\/uploads\/2025\/11\/24-klrjesenskikoncert2025_-023-1024x684.jpg\" alt=\"\" class=\"wp-image-23659\" srcset=\"http:\/\/www.kpddrava.at\/wp-content\/uploads\/2025\/11\/24-klrjesenskikoncert2025_-023-1024x684.jpg 1024w, http:\/\/www.kpddrava.at\/wp-content\/uploads\/2025\/11\/24-klrjesenskikoncert2025_-023-300x200.jpg 300w, http:\/\/www.kpddrava.at\/wp-content\/uploads\/2025\/11\/24-klrjesenskikoncert2025_-023-768x513.jpg 768w, http:\/\/www.kpddrava.at\/wp-content\/uploads\/2025\/11\/24-klrjesenskikoncert2025_-023-1536x1025.jpg 1536w, http:\/\/www.kpddrava.at\/wp-content\/uploads\/2025\/11\/24-klrjesenskikoncert2025_-023.jpg 2000w\" sizes=\"auto, (max-width: 767px) 89vw, (max-width: 1000px) 54vw, (max-width: 1071px) 543px, 580px\" \/><\/a><\/figure>\n\n\n\n<figure class=\"wp-block-image size-large\"><a href=\"http:\/\/www.kpddrava.at\/wp-content\/uploads\/2025\/11\/25-klrjesenskikoncert2025_-024.jpg\"><img loading=\"lazy\" decoding=\"async\" width=\"1024\" height=\"683\" data-id=\"23662\" src=\"http:\/\/www.kpddrava.at\/wp-content\/uploads\/2025\/11\/25-klrjesenskikoncert2025_-024-1024x683.jpg\" alt=\"\" class=\"wp-image-23662\" srcset=\"http:\/\/www.kpddrava.at\/wp-content\/uploads\/2025\/11\/25-klrjesenskikoncert2025_-024-1024x683.jpg 1024w, http:\/\/www.kpddrava.at\/wp-content\/uploads\/2025\/11\/25-klrjesenskikoncert2025_-024-300x200.jpg 300w, http:\/\/www.kpddrava.at\/wp-content\/uploads\/2025\/11\/25-klrjesenskikoncert2025_-024-768x512.jpg 768w, http:\/\/www.kpddrava.at\/wp-content\/uploads\/2025\/11\/25-klrjesenskikoncert2025_-024-1536x1025.jpg 1536w, http:\/\/www.kpddrava.at\/wp-content\/uploads\/2025\/11\/25-klrjesenskikoncert2025_-024.jpg 2000w\" sizes=\"auto, (max-width: 767px) 89vw, (max-width: 1000px) 54vw, (max-width: 1071px) 543px, 580px\" \/><\/a><\/figure>\n\n\n\n<figure class=\"wp-block-image size-large\"><a href=\"http:\/\/www.kpddrava.at\/wp-content\/uploads\/2025\/11\/26-klrjesenskikoncert2025_-025.jpg\"><img loading=\"lazy\" decoding=\"async\" width=\"1024\" height=\"682\" data-id=\"23661\" src=\"http:\/\/www.kpddrava.at\/wp-content\/uploads\/2025\/11\/26-klrjesenskikoncert2025_-025-1024x682.jpg\" alt=\"\" class=\"wp-image-23661\" srcset=\"http:\/\/www.kpddrava.at\/wp-content\/uploads\/2025\/11\/26-klrjesenskikoncert2025_-025-1024x682.jpg 1024w, http:\/\/www.kpddrava.at\/wp-content\/uploads\/2025\/11\/26-klrjesenskikoncert2025_-025-300x200.jpg 300w, http:\/\/www.kpddrava.at\/wp-content\/uploads\/2025\/11\/26-klrjesenskikoncert2025_-025-768x512.jpg 768w, http:\/\/www.kpddrava.at\/wp-content\/uploads\/2025\/11\/26-klrjesenskikoncert2025_-025-1536x1024.jpg 1536w, http:\/\/www.kpddrava.at\/wp-content\/uploads\/2025\/11\/26-klrjesenskikoncert2025_-025.jpg 2000w\" sizes=\"auto, (max-width: 767px) 89vw, (max-width: 1000px) 54vw, (max-width: 1071px) 543px, 580px\" \/><\/a><\/figure>\n\n\n\n<figure class=\"wp-block-image size-large\"><a href=\"http:\/\/www.kpddrava.at\/wp-content\/uploads\/2025\/11\/27-klrjesenskikoncert2025_-026.jpg\"><img loading=\"lazy\" decoding=\"async\" width=\"1024\" height=\"682\" data-id=\"23665\" src=\"http:\/\/www.kpddrava.at\/wp-content\/uploads\/2025\/11\/27-klrjesenskikoncert2025_-026-1024x682.jpg\" alt=\"\" class=\"wp-image-23665\" srcset=\"http:\/\/www.kpddrava.at\/wp-content\/uploads\/2025\/11\/27-klrjesenskikoncert2025_-026-1024x682.jpg 1024w, http:\/\/www.kpddrava.at\/wp-content\/uploads\/2025\/11\/27-klrjesenskikoncert2025_-026-300x200.jpg 300w, http:\/\/www.kpddrava.at\/wp-content\/uploads\/2025\/11\/27-klrjesenskikoncert2025_-026-768x512.jpg 768w, http:\/\/www.kpddrava.at\/wp-content\/uploads\/2025\/11\/27-klrjesenskikoncert2025_-026-1536x1024.jpg 1536w, http:\/\/www.kpddrava.at\/wp-content\/uploads\/2025\/11\/27-klrjesenskikoncert2025_-026.jpg 2000w\" sizes=\"auto, (max-width: 767px) 89vw, (max-width: 1000px) 54vw, (max-width: 1071px) 543px, 580px\" \/><\/a><\/figure>\n\n\n\n<figure class=\"wp-block-image size-large\"><a href=\"http:\/\/www.kpddrava.at\/wp-content\/uploads\/2025\/11\/28-klrjesenskikoncert2025_-027.jpg\"><img loading=\"lazy\" decoding=\"async\" width=\"1024\" height=\"684\" data-id=\"23664\" src=\"http:\/\/www.kpddrava.at\/wp-content\/uploads\/2025\/11\/28-klrjesenskikoncert2025_-027-1024x684.jpg\" alt=\"\" class=\"wp-image-23664\" srcset=\"http:\/\/www.kpddrava.at\/wp-content\/uploads\/2025\/11\/28-klrjesenskikoncert2025_-027-1024x684.jpg 1024w, http:\/\/www.kpddrava.at\/wp-content\/uploads\/2025\/11\/28-klrjesenskikoncert2025_-027-300x200.jpg 300w, http:\/\/www.kpddrava.at\/wp-content\/uploads\/2025\/11\/28-klrjesenskikoncert2025_-027-768x513.jpg 768w, http:\/\/www.kpddrava.at\/wp-content\/uploads\/2025\/11\/28-klrjesenskikoncert2025_-027-1536x1025.jpg 1536w, http:\/\/www.kpddrava.at\/wp-content\/uploads\/2025\/11\/28-klrjesenskikoncert2025_-027.jpg 2000w\" sizes=\"auto, (max-width: 767px) 89vw, (max-width: 1000px) 54vw, (max-width: 1071px) 543px, 580px\" \/><\/a><\/figure>\n\n\n\n<figure class=\"wp-block-image size-large\"><a href=\"http:\/\/www.kpddrava.at\/wp-content\/uploads\/2025\/11\/29-klrjesenskikoncert2025_-028.jpg\"><img loading=\"lazy\" decoding=\"async\" width=\"1024\" height=\"682\" data-id=\"23663\" src=\"http:\/\/www.kpddrava.at\/wp-content\/uploads\/2025\/11\/29-klrjesenskikoncert2025_-028-1024x682.jpg\" alt=\"\" class=\"wp-image-23663\" srcset=\"http:\/\/www.kpddrava.at\/wp-content\/uploads\/2025\/11\/29-klrjesenskikoncert2025_-028-1024x682.jpg 1024w, http:\/\/www.kpddrava.at\/wp-content\/uploads\/2025\/11\/29-klrjesenskikoncert2025_-028-300x200.jpg 300w, http:\/\/www.kpddrava.at\/wp-content\/uploads\/2025\/11\/29-klrjesenskikoncert2025_-028-768x511.jpg 768w, http:\/\/www.kpddrava.at\/wp-content\/uploads\/2025\/11\/29-klrjesenskikoncert2025_-028-1536x1023.jpg 1536w, http:\/\/www.kpddrava.at\/wp-content\/uploads\/2025\/11\/29-klrjesenskikoncert2025_-028.jpg 2000w\" sizes=\"auto, (max-width: 767px) 89vw, (max-width: 1000px) 54vw, (max-width: 1071px) 543px, 580px\" \/><\/a><\/figure>\n\n\n\n<figure class=\"wp-block-image size-large\"><a href=\"http:\/\/www.kpddrava.at\/wp-content\/uploads\/2025\/11\/30-klrjesenskikoncert2025_-029.jpg\"><img loading=\"lazy\" decoding=\"async\" width=\"1024\" height=\"683\" data-id=\"23666\" src=\"http:\/\/www.kpddrava.at\/wp-content\/uploads\/2025\/11\/30-klrjesenskikoncert2025_-029-1024x683.jpg\" alt=\"\" class=\"wp-image-23666\" srcset=\"http:\/\/www.kpddrava.at\/wp-content\/uploads\/2025\/11\/30-klrjesenskikoncert2025_-029-1024x683.jpg 1024w, http:\/\/www.kpddrava.at\/wp-content\/uploads\/2025\/11\/30-klrjesenskikoncert2025_-029-300x200.jpg 300w, http:\/\/www.kpddrava.at\/wp-content\/uploads\/2025\/11\/30-klrjesenskikoncert2025_-029-768x512.jpg 768w, http:\/\/www.kpddrava.at\/wp-content\/uploads\/2025\/11\/30-klrjesenskikoncert2025_-029-1536x1025.jpg 1536w, http:\/\/www.kpddrava.at\/wp-content\/uploads\/2025\/11\/30-klrjesenskikoncert2025_-029.jpg 2000w\" sizes=\"auto, (max-width: 767px) 89vw, (max-width: 1000px) 54vw, (max-width: 1071px) 543px, 580px\" \/><\/a><\/figure>\n\n\n\n<figure class=\"wp-block-image size-large\"><a href=\"http:\/\/www.kpddrava.at\/wp-content\/uploads\/2025\/11\/31-klrjesenskikoncert2025_-030.jpg\"><img loading=\"lazy\" decoding=\"async\" width=\"1024\" height=\"683\" data-id=\"23668\" src=\"http:\/\/www.kpddrava.at\/wp-content\/uploads\/2025\/11\/31-klrjesenskikoncert2025_-030-1024x683.jpg\" alt=\"\" class=\"wp-image-23668\" srcset=\"http:\/\/www.kpddrava.at\/wp-content\/uploads\/2025\/11\/31-klrjesenskikoncert2025_-030-1024x683.jpg 1024w, http:\/\/www.kpddrava.at\/wp-content\/uploads\/2025\/11\/31-klrjesenskikoncert2025_-030-300x200.jpg 300w, http:\/\/www.kpddrava.at\/wp-content\/uploads\/2025\/11\/31-klrjesenskikoncert2025_-030-768x512.jpg 768w, http:\/\/www.kpddrava.at\/wp-content\/uploads\/2025\/11\/31-klrjesenskikoncert2025_-030-1536x1025.jpg 1536w, http:\/\/www.kpddrava.at\/wp-content\/uploads\/2025\/11\/31-klrjesenskikoncert2025_-030.jpg 2000w\" sizes=\"auto, (max-width: 767px) 89vw, (max-width: 1000px) 54vw, (max-width: 1071px) 543px, 580px\" \/><\/a><\/figure>\n\n\n\n<figure class=\"wp-block-image size-large\"><a href=\"http:\/\/www.kpddrava.at\/wp-content\/uploads\/2025\/11\/32-klrjesenskikoncert2025_-031.jpg\"><img loading=\"lazy\" decoding=\"async\" width=\"1024\" height=\"684\" data-id=\"23669\" src=\"http:\/\/www.kpddrava.at\/wp-content\/uploads\/2025\/11\/32-klrjesenskikoncert2025_-031-1024x684.jpg\" alt=\"\" class=\"wp-image-23669\" srcset=\"http:\/\/www.kpddrava.at\/wp-content\/uploads\/2025\/11\/32-klrjesenskikoncert2025_-031-1024x684.jpg 1024w, http:\/\/www.kpddrava.at\/wp-content\/uploads\/2025\/11\/32-klrjesenskikoncert2025_-031-300x200.jpg 300w, http:\/\/www.kpddrava.at\/wp-content\/uploads\/2025\/11\/32-klrjesenskikoncert2025_-031-768x513.jpg 768w, http:\/\/www.kpddrava.at\/wp-content\/uploads\/2025\/11\/32-klrjesenskikoncert2025_-031-1536x1025.jpg 1536w, http:\/\/www.kpddrava.at\/wp-content\/uploads\/2025\/11\/32-klrjesenskikoncert2025_-031.jpg 2000w\" sizes=\"auto, (max-width: 767px) 89vw, (max-width: 1000px) 54vw, (max-width: 1071px) 543px, 580px\" \/><\/a><\/figure>\n\n\n\n<figure class=\"wp-block-image size-large\"><a href=\"http:\/\/www.kpddrava.at\/wp-content\/uploads\/2025\/11\/33-klrjesenskikoncert2025_-032.jpg\"><img loading=\"lazy\" decoding=\"async\" width=\"1024\" height=\"682\" data-id=\"23667\" src=\"http:\/\/www.kpddrava.at\/wp-content\/uploads\/2025\/11\/33-klrjesenskikoncert2025_-032-1024x682.jpg\" alt=\"\" class=\"wp-image-23667\" srcset=\"http:\/\/www.kpddrava.at\/wp-content\/uploads\/2025\/11\/33-klrjesenskikoncert2025_-032-1024x682.jpg 1024w, http:\/\/www.kpddrava.at\/wp-content\/uploads\/2025\/11\/33-klrjesenskikoncert2025_-032-300x200.jpg 300w, http:\/\/www.kpddrava.at\/wp-content\/uploads\/2025\/11\/33-klrjesenskikoncert2025_-032-768x512.jpg 768w, http:\/\/www.kpddrava.at\/wp-content\/uploads\/2025\/11\/33-klrjesenskikoncert2025_-032-1536x1024.jpg 1536w, http:\/\/www.kpddrava.at\/wp-content\/uploads\/2025\/11\/33-klrjesenskikoncert2025_-032.jpg 2000w\" sizes=\"auto, (max-width: 767px) 89vw, (max-width: 1000px) 54vw, (max-width: 1071px) 543px, 580px\" \/><\/a><\/figure>\n\n\n\n<figure class=\"wp-block-image size-large\"><a href=\"http:\/\/www.kpddrava.at\/wp-content\/uploads\/2025\/11\/34-klrjesenskikoncert2025_-033.jpg\"><img decoding=\"async\" data-id=\"23670\" src=\"http:\/\/www.kpddrava.at\/wp-content\/uploads\/2025\/11\/34-klrjesenskikoncert2025_-033-1024x682.jpg\" alt=\"\" class=\"wp-image-23670\"\/><\/a><\/figure>\n\n\n\n<figure class=\"wp-block-image size-large\"><a href=\"http:\/\/www.kpddrava.at\/wp-content\/uploads\/2025\/11\/35-klrjesenskikoncert2025_-034.jpg\"><img loading=\"lazy\" decoding=\"async\" width=\"1024\" height=\"683\" data-id=\"23671\" src=\"http:\/\/www.kpddrava.at\/wp-content\/uploads\/2025\/11\/35-klrjesenskikoncert2025_-034-1024x683.jpg\" alt=\"\" class=\"wp-image-23671\" srcset=\"http:\/\/www.kpddrava.at\/wp-content\/uploads\/2025\/11\/35-klrjesenskikoncert2025_-034-1024x683.jpg 1024w, http:\/\/www.kpddrava.at\/wp-content\/uploads\/2025\/11\/35-klrjesenskikoncert2025_-034-300x200.jpg 300w, http:\/\/www.kpddrava.at\/wp-content\/uploads\/2025\/11\/35-klrjesenskikoncert2025_-034-768x512.jpg 768w, http:\/\/www.kpddrava.at\/wp-content\/uploads\/2025\/11\/35-klrjesenskikoncert2025_-034-1536x1025.jpg 1536w, http:\/\/www.kpddrava.at\/wp-content\/uploads\/2025\/11\/35-klrjesenskikoncert2025_-034.jpg 2000w\" sizes=\"auto, (max-width: 767px) 89vw, (max-width: 1000px) 54vw, (max-width: 1071px) 543px, 580px\" \/><\/a><\/figure>\n\n\n\n<figure class=\"wp-block-image size-large\"><a href=\"http:\/\/www.kpddrava.at\/wp-content\/uploads\/2025\/11\/36-klrjesenskikoncert2025_-035.jpg\"><img loading=\"lazy\" decoding=\"async\" width=\"1024\" height=\"682\" data-id=\"23673\" src=\"http:\/\/www.kpddrava.at\/wp-content\/uploads\/2025\/11\/36-klrjesenskikoncert2025_-035-1024x682.jpg\" alt=\"\" class=\"wp-image-23673\" srcset=\"http:\/\/www.kpddrava.at\/wp-content\/uploads\/2025\/11\/36-klrjesenskikoncert2025_-035-1024x682.jpg 1024w, http:\/\/www.kpddrava.at\/wp-content\/uploads\/2025\/11\/36-klrjesenskikoncert2025_-035-300x200.jpg 300w, http:\/\/www.kpddrava.at\/wp-content\/uploads\/2025\/11\/36-klrjesenskikoncert2025_-035-768x512.jpg 768w, http:\/\/www.kpddrava.at\/wp-content\/uploads\/2025\/11\/36-klrjesenskikoncert2025_-035-1536x1024.jpg 1536w, http:\/\/www.kpddrava.at\/wp-content\/uploads\/2025\/11\/36-klrjesenskikoncert2025_-035.jpg 2000w\" sizes=\"auto, (max-width: 767px) 89vw, (max-width: 1000px) 54vw, (max-width: 1071px) 543px, 580px\" \/><\/a><\/figure>\n\n\n\n<figure class=\"wp-block-image size-large\"><a href=\"http:\/\/www.kpddrava.at\/wp-content\/uploads\/2025\/11\/37-klrjesenskikoncert2025_-036.jpg\"><img loading=\"lazy\" decoding=\"async\" width=\"1024\" height=\"682\" data-id=\"23672\" src=\"http:\/\/www.kpddrava.at\/wp-content\/uploads\/2025\/11\/37-klrjesenskikoncert2025_-036-1024x682.jpg\" alt=\"\" class=\"wp-image-23672\" srcset=\"http:\/\/www.kpddrava.at\/wp-content\/uploads\/2025\/11\/37-klrjesenskikoncert2025_-036-1024x682.jpg 1024w, http:\/\/www.kpddrava.at\/wp-content\/uploads\/2025\/11\/37-klrjesenskikoncert2025_-036-300x200.jpg 300w, http:\/\/www.kpddrava.at\/wp-content\/uploads\/2025\/11\/37-klrjesenskikoncert2025_-036-768x512.jpg 768w, http:\/\/www.kpddrava.at\/wp-content\/uploads\/2025\/11\/37-klrjesenskikoncert2025_-036-1536x1024.jpg 1536w, http:\/\/www.kpddrava.at\/wp-content\/uploads\/2025\/11\/37-klrjesenskikoncert2025_-036.jpg 2000w\" sizes=\"auto, (max-width: 767px) 89vw, (max-width: 1000px) 54vw, (max-width: 1071px) 543px, 580px\" \/><\/a><\/figure>\n\n\n\n<figure class=\"wp-block-image size-large\"><a href=\"http:\/\/www.kpddrava.at\/wp-content\/uploads\/2025\/11\/38-klrjesenskikoncert2025_-037.jpg\"><img loading=\"lazy\" decoding=\"async\" width=\"1024\" height=\"682\" data-id=\"23674\" src=\"http:\/\/www.kpddrava.at\/wp-content\/uploads\/2025\/11\/38-klrjesenskikoncert2025_-037-1024x682.jpg\" alt=\"\" class=\"wp-image-23674\" srcset=\"http:\/\/www.kpddrava.at\/wp-content\/uploads\/2025\/11\/38-klrjesenskikoncert2025_-037-1024x682.jpg 1024w, http:\/\/www.kpddrava.at\/wp-content\/uploads\/2025\/11\/38-klrjesenskikoncert2025_-037-300x200.jpg 300w, http:\/\/www.kpddrava.at\/wp-content\/uploads\/2025\/11\/38-klrjesenskikoncert2025_-037-768x512.jpg 768w, http:\/\/www.kpddrava.at\/wp-content\/uploads\/2025\/11\/38-klrjesenskikoncert2025_-037-1536x1024.jpg 1536w, http:\/\/www.kpddrava.at\/wp-content\/uploads\/2025\/11\/38-klrjesenskikoncert2025_-037.jpg 2000w\" sizes=\"auto, (max-width: 767px) 89vw, (max-width: 1000px) 54vw, (max-width: 1071px) 543px, 580px\" \/><\/a><\/figure>\n\n\n\n<figure class=\"wp-block-image size-large\"><a href=\"http:\/\/www.kpddrava.at\/wp-content\/uploads\/2025\/11\/39-klrjesenskikoncert2025_-038.jpg\"><img loading=\"lazy\" decoding=\"async\" width=\"1024\" height=\"682\" data-id=\"23675\" src=\"http:\/\/www.kpddrava.at\/wp-content\/uploads\/2025\/11\/39-klrjesenskikoncert2025_-038-1024x682.jpg\" alt=\"\" class=\"wp-image-23675\" srcset=\"http:\/\/www.kpddrava.at\/wp-content\/uploads\/2025\/11\/39-klrjesenskikoncert2025_-038-1024x682.jpg 1024w, http:\/\/www.kpddrava.at\/wp-content\/uploads\/2025\/11\/39-klrjesenskikoncert2025_-038-300x200.jpg 300w, http:\/\/www.kpddrava.at\/wp-content\/uploads\/2025\/11\/39-klrjesenskikoncert2025_-038-768x512.jpg 768w, http:\/\/www.kpddrava.at\/wp-content\/uploads\/2025\/11\/39-klrjesenskikoncert2025_-038-1536x1024.jpg 1536w, http:\/\/www.kpddrava.at\/wp-content\/uploads\/2025\/11\/39-klrjesenskikoncert2025_-038.jpg 2000w\" sizes=\"auto, (max-width: 767px) 89vw, (max-width: 1000px) 54vw, (max-width: 1071px) 543px, 580px\" \/><\/a><\/figure>\n\n\n\n<figure class=\"wp-block-image size-large\"><a href=\"http:\/\/www.kpddrava.at\/wp-content\/uploads\/2025\/11\/40-klrjesenskikoncert2025_-039.jpg\"><img loading=\"lazy\" decoding=\"async\" width=\"1024\" height=\"682\" data-id=\"23676\" src=\"http:\/\/www.kpddrava.at\/wp-content\/uploads\/2025\/11\/40-klrjesenskikoncert2025_-039-1024x682.jpg\" alt=\"\" class=\"wp-image-23676\" srcset=\"http:\/\/www.kpddrava.at\/wp-content\/uploads\/2025\/11\/40-klrjesenskikoncert2025_-039-1024x682.jpg 1024w, http:\/\/www.kpddrava.at\/wp-content\/uploads\/2025\/11\/40-klrjesenskikoncert2025_-039-300x200.jpg 300w, http:\/\/www.kpddrava.at\/wp-content\/uploads\/2025\/11\/40-klrjesenskikoncert2025_-039-768x511.jpg 768w, http:\/\/www.kpddrava.at\/wp-content\/uploads\/2025\/11\/40-klrjesenskikoncert2025_-039-1536x1023.jpg 1536w, http:\/\/www.kpddrava.at\/wp-content\/uploads\/2025\/11\/40-klrjesenskikoncert2025_-039.jpg 2000w\" sizes=\"auto, (max-width: 767px) 89vw, (max-width: 1000px) 54vw, (max-width: 1071px) 543px, 580px\" \/><\/a><\/figure>\n\n\n\n<figure class=\"wp-block-image size-large\"><a href=\"http:\/\/www.kpddrava.at\/wp-content\/uploads\/2025\/11\/41-klrjesenskikoncert2025_-040.jpg\"><img loading=\"lazy\" decoding=\"async\" width=\"1024\" height=\"682\" data-id=\"23679\" src=\"http:\/\/www.kpddrava.at\/wp-content\/uploads\/2025\/11\/41-klrjesenskikoncert2025_-040-1024x682.jpg\" alt=\"\" class=\"wp-image-23679\" srcset=\"http:\/\/www.kpddrava.at\/wp-content\/uploads\/2025\/11\/41-klrjesenskikoncert2025_-040-1024x682.jpg 1024w, http:\/\/www.kpddrava.at\/wp-content\/uploads\/2025\/11\/41-klrjesenskikoncert2025_-040-300x200.jpg 300w, http:\/\/www.kpddrava.at\/wp-content\/uploads\/2025\/11\/41-klrjesenskikoncert2025_-040-768x512.jpg 768w, http:\/\/www.kpddrava.at\/wp-content\/uploads\/2025\/11\/41-klrjesenskikoncert2025_-040-1536x1024.jpg 1536w, http:\/\/www.kpddrava.at\/wp-content\/uploads\/2025\/11\/41-klrjesenskikoncert2025_-040.jpg 2000w\" sizes=\"auto, (max-width: 767px) 89vw, (max-width: 1000px) 54vw, (max-width: 1071px) 543px, 580px\" \/><\/a><\/figure>\n\n\n\n<figure class=\"wp-block-image size-large\"><a href=\"http:\/\/www.kpddrava.at\/wp-content\/uploads\/2025\/11\/42-klrjesenskikoncert2025_-041.jpg\"><img loading=\"lazy\" decoding=\"async\" width=\"1024\" height=\"683\" data-id=\"23677\" src=\"http:\/\/www.kpddrava.at\/wp-content\/uploads\/2025\/11\/42-klrjesenskikoncert2025_-041-1024x683.jpg\" alt=\"\" class=\"wp-image-23677\" srcset=\"http:\/\/www.kpddrava.at\/wp-content\/uploads\/2025\/11\/42-klrjesenskikoncert2025_-041-1024x683.jpg 1024w, http:\/\/www.kpddrava.at\/wp-content\/uploads\/2025\/11\/42-klrjesenskikoncert2025_-041-300x200.jpg 300w, http:\/\/www.kpddrava.at\/wp-content\/uploads\/2025\/11\/42-klrjesenskikoncert2025_-041-768x512.jpg 768w, http:\/\/www.kpddrava.at\/wp-content\/uploads\/2025\/11\/42-klrjesenskikoncert2025_-041-1536x1025.jpg 1536w, http:\/\/www.kpddrava.at\/wp-content\/uploads\/2025\/11\/42-klrjesenskikoncert2025_-041.jpg 2000w\" sizes=\"auto, (max-width: 767px) 89vw, (max-width: 1000px) 54vw, (max-width: 1071px) 543px, 580px\" \/><\/a><\/figure>\n\n\n\n<figure class=\"wp-block-image size-large\"><a href=\"http:\/\/www.kpddrava.at\/wp-content\/uploads\/2025\/11\/43-klrjesenskikoncert2025_-042.jpg\"><img loading=\"lazy\" decoding=\"async\" width=\"1024\" height=\"682\" data-id=\"23678\" src=\"http:\/\/www.kpddrava.at\/wp-content\/uploads\/2025\/11\/43-klrjesenskikoncert2025_-042-1024x682.jpg\" alt=\"\" class=\"wp-image-23678\" srcset=\"http:\/\/www.kpddrava.at\/wp-content\/uploads\/2025\/11\/43-klrjesenskikoncert2025_-042-1024x682.jpg 1024w, http:\/\/www.kpddrava.at\/wp-content\/uploads\/2025\/11\/43-klrjesenskikoncert2025_-042-300x200.jpg 300w, http:\/\/www.kpddrava.at\/wp-content\/uploads\/2025\/11\/43-klrjesenskikoncert2025_-042-768x511.jpg 768w, http:\/\/www.kpddrava.at\/wp-content\/uploads\/2025\/11\/43-klrjesenskikoncert2025_-042-1536x1023.jpg 1536w, http:\/\/www.kpddrava.at\/wp-content\/uploads\/2025\/11\/43-klrjesenskikoncert2025_-042.jpg 2000w\" sizes=\"auto, (max-width: 767px) 89vw, (max-width: 1000px) 54vw, (max-width: 1071px) 543px, 580px\" \/><\/a><\/figure>\n\n\n\n<figure class=\"wp-block-image size-large\"><a href=\"http:\/\/www.kpddrava.at\/wp-content\/uploads\/2025\/11\/44-klrjesenskikoncert2025_-043.jpg\"><img loading=\"lazy\" decoding=\"async\" width=\"1024\" height=\"681\" data-id=\"23680\" src=\"http:\/\/www.kpddrava.at\/wp-content\/uploads\/2025\/11\/44-klrjesenskikoncert2025_-043-1024x681.jpg\" alt=\"\" class=\"wp-image-23680\" srcset=\"http:\/\/www.kpddrava.at\/wp-content\/uploads\/2025\/11\/44-klrjesenskikoncert2025_-043-1024x681.jpg 1024w, http:\/\/www.kpddrava.at\/wp-content\/uploads\/2025\/11\/44-klrjesenskikoncert2025_-043-300x200.jpg 300w, http:\/\/www.kpddrava.at\/wp-content\/uploads\/2025\/11\/44-klrjesenskikoncert2025_-043-768x511.jpg 768w, http:\/\/www.kpddrava.at\/wp-content\/uploads\/2025\/11\/44-klrjesenskikoncert2025_-043-1536x1022.jpg 1536w, http:\/\/www.kpddrava.at\/wp-content\/uploads\/2025\/11\/44-klrjesenskikoncert2025_-043.jpg 2000w\" sizes=\"auto, (max-width: 767px) 89vw, (max-width: 1000px) 54vw, (max-width: 1071px) 543px, 580px\" \/><\/a><\/figure>\n\n\n\n<figure class=\"wp-block-image size-large\"><a href=\"http:\/\/www.kpddrava.at\/wp-content\/uploads\/2025\/11\/45-klrjesenskikoncert2025_-044.jpg\"><img loading=\"lazy\" decoding=\"async\" width=\"1024\" height=\"682\" data-id=\"23682\" src=\"http:\/\/www.kpddrava.at\/wp-content\/uploads\/2025\/11\/45-klrjesenskikoncert2025_-044-1024x682.jpg\" alt=\"\" class=\"wp-image-23682\" srcset=\"http:\/\/www.kpddrava.at\/wp-content\/uploads\/2025\/11\/45-klrjesenskikoncert2025_-044-1024x682.jpg 1024w, http:\/\/www.kpddrava.at\/wp-content\/uploads\/2025\/11\/45-klrjesenskikoncert2025_-044-300x200.jpg 300w, http:\/\/www.kpddrava.at\/wp-content\/uploads\/2025\/11\/45-klrjesenskikoncert2025_-044-768x512.jpg 768w, http:\/\/www.kpddrava.at\/wp-content\/uploads\/2025\/11\/45-klrjesenskikoncert2025_-044-1536x1024.jpg 1536w, http:\/\/www.kpddrava.at\/wp-content\/uploads\/2025\/11\/45-klrjesenskikoncert2025_-044.jpg 2000w\" sizes=\"auto, (max-width: 767px) 89vw, (max-width: 1000px) 54vw, (max-width: 1071px) 543px, 580px\" \/><\/a><\/figure>\n\n\n\n<figure class=\"wp-block-image size-large\"><a href=\"http:\/\/www.kpddrava.at\/wp-content\/uploads\/2025\/11\/46-klrjesenskikoncert2025_-045.jpg\"><img loading=\"lazy\" decoding=\"async\" width=\"1024\" height=\"683\" data-id=\"23683\" src=\"http:\/\/www.kpddrava.at\/wp-content\/uploads\/2025\/11\/46-klrjesenskikoncert2025_-045-1024x683.jpg\" alt=\"\" class=\"wp-image-23683\" srcset=\"http:\/\/www.kpddrava.at\/wp-content\/uploads\/2025\/11\/46-klrjesenskikoncert2025_-045-1024x683.jpg 1024w, http:\/\/www.kpddrava.at\/wp-content\/uploads\/2025\/11\/46-klrjesenskikoncert2025_-045-300x200.jpg 300w, http:\/\/www.kpddrava.at\/wp-content\/uploads\/2025\/11\/46-klrjesenskikoncert2025_-045-768x512.jpg 768w, http:\/\/www.kpddrava.at\/wp-content\/uploads\/2025\/11\/46-klrjesenskikoncert2025_-045-1536x1025.jpg 1536w, http:\/\/www.kpddrava.at\/wp-content\/uploads\/2025\/11\/46-klrjesenskikoncert2025_-045.jpg 2000w\" sizes=\"auto, (max-width: 767px) 89vw, (max-width: 1000px) 54vw, (max-width: 1071px) 543px, 580px\" \/><\/a><\/figure>\n\n\n\n<figure class=\"wp-block-image size-large\"><a href=\"http:\/\/www.kpddrava.at\/wp-content\/uploads\/2025\/11\/47-klrjesenskikoncert2025_-046.jpg\"><img loading=\"lazy\" decoding=\"async\" width=\"1024\" height=\"684\" data-id=\"23681\" src=\"http:\/\/www.kpddrava.at\/wp-content\/uploads\/2025\/11\/47-klrjesenskikoncert2025_-046-1024x684.jpg\" alt=\"\" class=\"wp-image-23681\" srcset=\"http:\/\/www.kpddrava.at\/wp-content\/uploads\/2025\/11\/47-klrjesenskikoncert2025_-046-1024x684.jpg 1024w, http:\/\/www.kpddrava.at\/wp-content\/uploads\/2025\/11\/47-klrjesenskikoncert2025_-046-300x200.jpg 300w, http:\/\/www.kpddrava.at\/wp-content\/uploads\/2025\/11\/47-klrjesenskikoncert2025_-046-768x513.jpg 768w, http:\/\/www.kpddrava.at\/wp-content\/uploads\/2025\/11\/47-klrjesenskikoncert2025_-046-1536x1025.jpg 1536w, http:\/\/www.kpddrava.at\/wp-content\/uploads\/2025\/11\/47-klrjesenskikoncert2025_-046.jpg 2000w\" sizes=\"auto, (max-width: 767px) 89vw, (max-width: 1000px) 54vw, (max-width: 1071px) 543px, 580px\" \/><\/a><\/figure>\n\n\n\n<figure class=\"wp-block-image size-large\"><a href=\"http:\/\/www.kpddrava.at\/wp-content\/uploads\/2025\/11\/48-klrjesenskikoncert2025_-047.jpg\"><img loading=\"lazy\" decoding=\"async\" width=\"1024\" height=\"682\" data-id=\"23684\" src=\"http:\/\/www.kpddrava.at\/wp-content\/uploads\/2025\/11\/48-klrjesenskikoncert2025_-047-1024x682.jpg\" alt=\"\" class=\"wp-image-23684\" srcset=\"http:\/\/www.kpddrava.at\/wp-content\/uploads\/2025\/11\/48-klrjesenskikoncert2025_-047-1024x682.jpg 1024w, http:\/\/www.kpddrava.at\/wp-content\/uploads\/2025\/11\/48-klrjesenskikoncert2025_-047-300x200.jpg 300w, http:\/\/www.kpddrava.at\/wp-content\/uploads\/2025\/11\/48-klrjesenskikoncert2025_-047-768x512.jpg 768w, http:\/\/www.kpddrava.at\/wp-content\/uploads\/2025\/11\/48-klrjesenskikoncert2025_-047-1536x1024.jpg 1536w, http:\/\/www.kpddrava.at\/wp-content\/uploads\/2025\/11\/48-klrjesenskikoncert2025_-047.jpg 2000w\" sizes=\"auto, (max-width: 767px) 89vw, (max-width: 1000px) 54vw, (max-width: 1071px) 543px, 580px\" \/><\/a><\/figure>\n\n\n\n<figure class=\"wp-block-image size-large\"><a href=\"http:\/\/www.kpddrava.at\/wp-content\/uploads\/2025\/11\/49-klrjesenskikoncert2025_-048.jpg\"><img loading=\"lazy\" decoding=\"async\" width=\"1024\" height=\"682\" data-id=\"23685\" src=\"http:\/\/www.kpddrava.at\/wp-content\/uploads\/2025\/11\/49-klrjesenskikoncert2025_-048-1024x682.jpg\" alt=\"\" class=\"wp-image-23685\" srcset=\"http:\/\/www.kpddrava.at\/wp-content\/uploads\/2025\/11\/49-klrjesenskikoncert2025_-048-1024x682.jpg 1024w, http:\/\/www.kpddrava.at\/wp-content\/uploads\/2025\/11\/49-klrjesenskikoncert2025_-048-300x200.jpg 300w, http:\/\/www.kpddrava.at\/wp-content\/uploads\/2025\/11\/49-klrjesenskikoncert2025_-048-768x512.jpg 768w, http:\/\/www.kpddrava.at\/wp-content\/uploads\/2025\/11\/49-klrjesenskikoncert2025_-048-1536x1024.jpg 1536w, http:\/\/www.kpddrava.at\/wp-content\/uploads\/2025\/11\/49-klrjesenskikoncert2025_-048.jpg 2000w\" sizes=\"auto, (max-width: 767px) 89vw, (max-width: 1000px) 54vw, (max-width: 1071px) 543px, 580px\" \/><\/a><\/figure>\n\n\n\n<figure class=\"wp-block-image size-large\"><a href=\"http:\/\/www.kpddrava.at\/wp-content\/uploads\/2025\/11\/50-klrjesenskikoncert2025_-049.jpg\"><img loading=\"lazy\" decoding=\"async\" width=\"1024\" height=\"682\" data-id=\"23687\" src=\"http:\/\/www.kpddrava.at\/wp-content\/uploads\/2025\/11\/50-klrjesenskikoncert2025_-049-1024x682.jpg\" alt=\"\" class=\"wp-image-23687\" srcset=\"http:\/\/www.kpddrava.at\/wp-content\/uploads\/2025\/11\/50-klrjesenskikoncert2025_-049-1024x682.jpg 1024w, http:\/\/www.kpddrava.at\/wp-content\/uploads\/2025\/11\/50-klrjesenskikoncert2025_-049-300x200.jpg 300w, http:\/\/www.kpddrava.at\/wp-content\/uploads\/2025\/11\/50-klrjesenskikoncert2025_-049-768x512.jpg 768w, http:\/\/www.kpddrava.at\/wp-content\/uploads\/2025\/11\/50-klrjesenskikoncert2025_-049-1536x1024.jpg 1536w, http:\/\/www.kpddrava.at\/wp-content\/uploads\/2025\/11\/50-klrjesenskikoncert2025_-049.jpg 2000w\" sizes=\"auto, (max-width: 767px) 89vw, (max-width: 1000px) 54vw, (max-width: 1071px) 543px, 580px\" \/><\/a><\/figure>\n\n\n\n<figure class=\"wp-block-image size-large\"><a href=\"http:\/\/www.kpddrava.at\/wp-content\/uploads\/2025\/11\/51-klrjesenskikoncert2025_-050.jpg\"><img loading=\"lazy\" decoding=\"async\" width=\"1024\" height=\"683\" data-id=\"23686\" src=\"http:\/\/www.kpddrava.at\/wp-content\/uploads\/2025\/11\/51-klrjesenskikoncert2025_-050-1024x683.jpg\" alt=\"\" class=\"wp-image-23686\" srcset=\"http:\/\/www.kpddrava.at\/wp-content\/uploads\/2025\/11\/51-klrjesenskikoncert2025_-050-1024x683.jpg 1024w, http:\/\/www.kpddrava.at\/wp-content\/uploads\/2025\/11\/51-klrjesenskikoncert2025_-050-300x200.jpg 300w, http:\/\/www.kpddrava.at\/wp-content\/uploads\/2025\/11\/51-klrjesenskikoncert2025_-050-768x512.jpg 768w, http:\/\/www.kpddrava.at\/wp-content\/uploads\/2025\/11\/51-klrjesenskikoncert2025_-050-1536x1025.jpg 1536w, http:\/\/www.kpddrava.at\/wp-content\/uploads\/2025\/11\/51-klrjesenskikoncert2025_-050.jpg 2000w\" sizes=\"auto, (max-width: 767px) 89vw, (max-width: 1000px) 54vw, (max-width: 1071px) 543px, 580px\" \/><\/a><\/figure>\n\n\n\n<figure class=\"wp-block-image size-large\"><a href=\"http:\/\/www.kpddrava.at\/wp-content\/uploads\/2025\/11\/52-klrjesenskikoncert2025_-051.jpg\"><img loading=\"lazy\" decoding=\"async\" width=\"1024\" height=\"683\" data-id=\"23689\" src=\"http:\/\/www.kpddrava.at\/wp-content\/uploads\/2025\/11\/52-klrjesenskikoncert2025_-051-1024x683.jpg\" alt=\"\" class=\"wp-image-23689\" srcset=\"http:\/\/www.kpddrava.at\/wp-content\/uploads\/2025\/11\/52-klrjesenskikoncert2025_-051-1024x683.jpg 1024w, http:\/\/www.kpddrava.at\/wp-content\/uploads\/2025\/11\/52-klrjesenskikoncert2025_-051-300x200.jpg 300w, http:\/\/www.kpddrava.at\/wp-content\/uploads\/2025\/11\/52-klrjesenskikoncert2025_-051-768x512.jpg 768w, http:\/\/www.kpddrava.at\/wp-content\/uploads\/2025\/11\/52-klrjesenskikoncert2025_-051-1536x1025.jpg 1536w, http:\/\/www.kpddrava.at\/wp-content\/uploads\/2025\/11\/52-klrjesenskikoncert2025_-051.jpg 2000w\" sizes=\"auto, (max-width: 767px) 89vw, (max-width: 1000px) 54vw, (max-width: 1071px) 543px, 580px\" \/><\/a><\/figure>\n\n\n\n<figure class=\"wp-block-image size-large\"><a href=\"http:\/\/www.kpddrava.at\/wp-content\/uploads\/2025\/11\/53-klrjesenskikoncert2025_-052.jpg\"><img loading=\"lazy\" decoding=\"async\" width=\"1024\" height=\"682\" data-id=\"23688\" src=\"http:\/\/www.kpddrava.at\/wp-content\/uploads\/2025\/11\/53-klrjesenskikoncert2025_-052-1024x682.jpg\" alt=\"\" class=\"wp-image-23688\" srcset=\"http:\/\/www.kpddrava.at\/wp-content\/uploads\/2025\/11\/53-klrjesenskikoncert2025_-052-1024x682.jpg 1024w, http:\/\/www.kpddrava.at\/wp-content\/uploads\/2025\/11\/53-klrjesenskikoncert2025_-052-300x200.jpg 300w, http:\/\/www.kpddrava.at\/wp-content\/uploads\/2025\/11\/53-klrjesenskikoncert2025_-052-768x512.jpg 768w, http:\/\/www.kpddrava.at\/wp-content\/uploads\/2025\/11\/53-klrjesenskikoncert2025_-052-1536x1024.jpg 1536w, http:\/\/www.kpddrava.at\/wp-content\/uploads\/2025\/11\/53-klrjesenskikoncert2025_-052.jpg 2000w\" sizes=\"auto, (max-width: 767px) 89vw, (max-width: 1000px) 54vw, (max-width: 1071px) 543px, 580px\" \/><\/a><\/figure>\n\n\n\n<figure class=\"wp-block-image size-large\"><a href=\"http:\/\/www.kpddrava.at\/wp-content\/uploads\/2025\/11\/54-klrjesenskikoncert2025_-053.jpg\"><img loading=\"lazy\" decoding=\"async\" width=\"1024\" height=\"684\" data-id=\"23691\" src=\"http:\/\/www.kpddrava.at\/wp-content\/uploads\/2025\/11\/54-klrjesenskikoncert2025_-053-1024x684.jpg\" alt=\"\" class=\"wp-image-23691\" srcset=\"http:\/\/www.kpddrava.at\/wp-content\/uploads\/2025\/11\/54-klrjesenskikoncert2025_-053-1024x684.jpg 1024w, http:\/\/www.kpddrava.at\/wp-content\/uploads\/2025\/11\/54-klrjesenskikoncert2025_-053-300x200.jpg 300w, http:\/\/www.kpddrava.at\/wp-content\/uploads\/2025\/11\/54-klrjesenskikoncert2025_-053-768x513.jpg 768w, http:\/\/www.kpddrava.at\/wp-content\/uploads\/2025\/11\/54-klrjesenskikoncert2025_-053-1536x1025.jpg 1536w, http:\/\/www.kpddrava.at\/wp-content\/uploads\/2025\/11\/54-klrjesenskikoncert2025_-053.jpg 2000w\" sizes=\"auto, (max-width: 767px) 89vw, (max-width: 1000px) 54vw, (max-width: 1071px) 543px, 580px\" \/><\/a><\/figure>\n\n\n\n<figure class=\"wp-block-image size-large\"><a href=\"http:\/\/www.kpddrava.at\/wp-content\/uploads\/2025\/11\/55-klrjesenskikoncert2025_-054.jpg\"><img loading=\"lazy\" decoding=\"async\" width=\"1024\" height=\"683\" data-id=\"23695\" src=\"http:\/\/www.kpddrava.at\/wp-content\/uploads\/2025\/11\/55-klrjesenskikoncert2025_-054-1024x683.jpg\" alt=\"\" class=\"wp-image-23695\" srcset=\"http:\/\/www.kpddrava.at\/wp-content\/uploads\/2025\/11\/55-klrjesenskikoncert2025_-054-1024x683.jpg 1024w, http:\/\/www.kpddrava.at\/wp-content\/uploads\/2025\/11\/55-klrjesenskikoncert2025_-054-300x200.jpg 300w, http:\/\/www.kpddrava.at\/wp-content\/uploads\/2025\/11\/55-klrjesenskikoncert2025_-054-768x512.jpg 768w, http:\/\/www.kpddrava.at\/wp-content\/uploads\/2025\/11\/55-klrjesenskikoncert2025_-054-1536x1025.jpg 1536w, http:\/\/www.kpddrava.at\/wp-content\/uploads\/2025\/11\/55-klrjesenskikoncert2025_-054.jpg 2000w\" sizes=\"auto, (max-width: 767px) 89vw, (max-width: 1000px) 54vw, (max-width: 1071px) 543px, 580px\" \/><\/a><\/figure>\n\n\n\n<figure class=\"wp-block-image size-large\"><a href=\"http:\/\/www.kpddrava.at\/wp-content\/uploads\/2025\/11\/alle1-1.jpg\"><img loading=\"lazy\" decoding=\"async\" width=\"1024\" height=\"684\" data-id=\"23690\" src=\"http:\/\/www.kpddrava.at\/wp-content\/uploads\/2025\/11\/alle1-1-1024x684.jpg\" alt=\"\" class=\"wp-image-23690\" srcset=\"http:\/\/www.kpddrava.at\/wp-content\/uploads\/2025\/11\/alle1-1-1024x684.jpg 1024w, http:\/\/www.kpddrava.at\/wp-content\/uploads\/2025\/11\/alle1-1-300x200.jpg 300w, http:\/\/www.kpddrava.at\/wp-content\/uploads\/2025\/11\/alle1-1-768x513.jpg 768w, http:\/\/www.kpddrava.at\/wp-content\/uploads\/2025\/11\/alle1-1-1536x1025.jpg 1536w, http:\/\/www.kpddrava.at\/wp-content\/uploads\/2025\/11\/alle1-1.jpg 2000w\" sizes=\"auto, (max-width: 767px) 89vw, (max-width: 1000px) 54vw, (max-width: 1071px) 543px, 580px\" \/><\/a><\/figure>\n\n\n\n<figure class=\"wp-block-image size-large\"><a href=\"http:\/\/www.kpddrava.at\/wp-content\/uploads\/2025\/11\/alle2.jpg\"><img loading=\"lazy\" decoding=\"async\" width=\"1024\" height=\"683\" data-id=\"23693\" src=\"http:\/\/www.kpddrava.at\/wp-content\/uploads\/2025\/11\/alle2-1024x683.jpg\" alt=\"\" class=\"wp-image-23693\" srcset=\"http:\/\/www.kpddrava.at\/wp-content\/uploads\/2025\/11\/alle2-1024x683.jpg 1024w, http:\/\/www.kpddrava.at\/wp-content\/uploads\/2025\/11\/alle2-300x200.jpg 300w, http:\/\/www.kpddrava.at\/wp-content\/uploads\/2025\/11\/alle2-768x512.jpg 768w, http:\/\/www.kpddrava.at\/wp-content\/uploads\/2025\/11\/alle2-1536x1025.jpg 1536w, http:\/\/www.kpddrava.at\/wp-content\/uploads\/2025\/11\/alle2.jpg 2000w\" sizes=\"auto, (max-width: 767px) 89vw, (max-width: 1000px) 54vw, (max-width: 1071px) 543px, 580px\" \/><\/a><\/figure>\n\n\n\n<figure class=\"wp-block-image size-large\"><a href=\"http:\/\/www.kpddrava.at\/wp-content\/uploads\/2025\/11\/lavantklang-1.jpg\"><img loading=\"lazy\" decoding=\"async\" width=\"1024\" height=\"682\" data-id=\"23694\" src=\"http:\/\/www.kpddrava.at\/wp-content\/uploads\/2025\/11\/lavantklang-1-1024x682.jpg\" alt=\"\" class=\"wp-image-23694\" srcset=\"http:\/\/www.kpddrava.at\/wp-content\/uploads\/2025\/11\/lavantklang-1-1024x682.jpg 1024w, http:\/\/www.kpddrava.at\/wp-content\/uploads\/2025\/11\/lavantklang-1-300x200.jpg 300w, http:\/\/www.kpddrava.at\/wp-content\/uploads\/2025\/11\/lavantklang-1-768x512.jpg 768w, http:\/\/www.kpddrava.at\/wp-content\/uploads\/2025\/11\/lavantklang-1-1536x1024.jpg 1536w, http:\/\/www.kpddrava.at\/wp-content\/uploads\/2025\/11\/lavantklang-1.jpg 2000w\" sizes=\"auto, (max-width: 767px) 89vw, (max-width: 1000px) 54vw, (max-width: 1071px) 543px, 580px\" \/><\/a><\/figure>\n\n\n\n<figure class=\"wp-block-image size-large\"><a href=\"http:\/\/www.kpddrava.at\/wp-content\/uploads\/2025\/11\/oktet-suha.jpg\"><img loading=\"lazy\" decoding=\"async\" width=\"1024\" height=\"682\" data-id=\"23696\" src=\"http:\/\/www.kpddrava.at\/wp-content\/uploads\/2025\/11\/oktet-suha-1024x682.jpg\" alt=\"\" class=\"wp-image-23696\" srcset=\"http:\/\/www.kpddrava.at\/wp-content\/uploads\/2025\/11\/oktet-suha-1024x682.jpg 1024w, http:\/\/www.kpddrava.at\/wp-content\/uploads\/2025\/11\/oktet-suha-300x200.jpg 300w, http:\/\/www.kpddrava.at\/wp-content\/uploads\/2025\/11\/oktet-suha-768x512.jpg 768w, http:\/\/www.kpddrava.at\/wp-content\/uploads\/2025\/11\/oktet-suha-1536x1024.jpg 1536w, http:\/\/www.kpddrava.at\/wp-content\/uploads\/2025\/11\/oktet-suha.jpg 2000w\" sizes=\"auto, (max-width: 767px) 89vw, (max-width: 1000px) 54vw, (max-width: 1071px) 543px, 580px\" \/><\/a><\/figure>\n\n\n\n\n\n<figure class=\"wp-block-image size-large\"><a href=\"http:\/\/www.kpddrava.at\/wp-content\/uploads\/2025\/11\/sanje1.jpg\"><img loading=\"lazy\" decoding=\"async\" width=\"1024\" height=\"683\" data-id=\"23692\" src=\"http:\/\/www.kpddrava.at\/wp-content\/uploads\/2025\/11\/sanje1-1024x683.jpg\" alt=\"\" class=\"wp-image-23692\" srcset=\"http:\/\/www.kpddrava.at\/wp-content\/uploads\/2025\/11\/sanje1-1024x683.jpg 1024w, http:\/\/www.kpddrava.at\/wp-content\/uploads\/2025\/11\/sanje1-300x200.jpg 300w, http:\/\/www.kpddrava.at\/wp-content\/uploads\/2025\/11\/sanje1-768x512.jpg 768w, http:\/\/www.kpddrava.at\/wp-content\/uploads\/2025\/11\/sanje1-1536x1025.jpg 1536w, http:\/\/www.kpddrava.at\/wp-content\/uploads\/2025\/11\/sanje1.jpg 2000w\" sizes=\"auto, (max-width: 767px) 89vw, (max-width: 1000px) 54vw, (max-width: 1071px) 543px, 580px\" \/><\/a><\/figure>\n\n\n\n<figure class=\"wp-block-image size-large\"><a href=\"http:\/\/www.kpddrava.at\/wp-content\/uploads\/2025\/11\/sh1.jpg\"><img loading=\"lazy\" decoding=\"async\" width=\"1024\" height=\"683\" data-id=\"23697\" src=\"http:\/\/www.kpddrava.at\/wp-content\/uploads\/2025\/11\/sh1-1024x683.jpg\" alt=\"\" class=\"wp-image-23697\" srcset=\"http:\/\/www.kpddrava.at\/wp-content\/uploads\/2025\/11\/sh1-1024x683.jpg 1024w, http:\/\/www.kpddrava.at\/wp-content\/uploads\/2025\/11\/sh1-300x200.jpg 300w, http:\/\/www.kpddrava.at\/wp-content\/uploads\/2025\/11\/sh1-768x512.jpg 768w, http:\/\/www.kpddrava.at\/wp-content\/uploads\/2025\/11\/sh1-1536x1025.jpg 1536w, http:\/\/www.kpddrava.at\/wp-content\/uploads\/2025\/11\/sh1.jpg 2000w\" sizes=\"auto, (max-width: 767px) 89vw, (max-width: 1000px) 54vw, (max-width: 1071px) 543px, 580px\" \/><\/a><\/figure>\n<\/figure>\n\n\n\n\n\n<p>Herbstkonzert des Kulturvereins Drava im Gasthaus Hafner<\/p>\n<p>Am Samstag, dem 22. November, fand das traditionelle Herbstkonzert des Kulturvereins Drava im Gasthaus Hafner in Oberdorf\/Gornja vas statt. Unter dem Motto \u201eOriginal K\u00e4rntner Abend \u2013 Koro\u0161ki ve\u010der\u201c gestalteten Ch\u00f6re beider Volksgruppen einen musikalisch vielf\u00e4ltigen Abend. G\u00e4ste waren die Formation \u201eLavantklang\u201c unter der Leitung von Anna Kienzer aus Ettendorf, die 2016 beim ORF-Chorwettbewerb unter den Finalisten war. Aus Eberndorf kam der bekannte Jugendchor \u201eSweethearts, geleitet von Sonja Woschitz und Paula Schein-Kontschitsch. Ebenfalls dabei waren das Oktet Suha, die Gruppe \u201eSanje\u201c, geleitet von Engelbert Logar sowie die Pevsko-instrumentalna skupina des KPD Drava unter der Leitung von Vera Sadjak. Das Herbstkonzert, das seit mehr als drei Jahrzehnten einen festen Platz im kulturellen Leben der Region einnimmt, stand heuer im Zeichen zweier Jubil\u00e4en: 115 Jahre Kulturverein Drava und 10 Jahre Haus der Kultur. Durch das Programm f\u00fchrte KPD Drava Obmann Jakob Logar.<\/p>\n<p>&nbsp;<\/p>\n<p>F\u00fcr beste Bewirtung war durch die Gastwirte Sabine und Peter Rupitz gesorgt, zahlreiche Ehreng\u00e4ste wurden begr\u00fc\u00dft. Das Konzert besuchten Dechant Ivan Olip, B\u00fcrgermeister Patrick Skubel, Gemeindevorstand Peter Trampusch, Zadruga Chef Stefan Domej, Amtsleiterin Regina Wiedl, Hans Kaiser, Obmann der Jagdfreunde K\u00e4rntens, Direktor Danilo Katz, Georg Mandl vom Kulturni dom in Bleiburg\/Pliberk, Rudi Kontschitsch, Bankdirektor in Ruhe, Gerhard Visotschnig, Obmann des Bildungswerkes V\u00f6lkermarkt, die \u00c4rztinnen Helene Domej und Klara Logar sowie Verena Jamer, die Obfrau des Kulturvereines Rinkenberg\/Vogr\u010de. Rosina Katz-Logar<\/p>\n","protected":false},"excerpt":{"rendered":"<p>Jesenski koncert Kulturnega dru\u0161tva Drava v gostilni Hafner V soboto, 22. novembra, je v gostilni Hafner v Oberdorfu\/Gornja vas potekal tradicionalni jesenski koncert Kulturnega dru\u0161tva Drava. Pod geslom \u201eOriginalni koro\u0161ki ve\u010der \u2013 Original K\u00e4rntner Abend\u201c so zbori obeh narodnih skupnosti pripravili glasbeno raznolik ve\u010der. Gostje so bili ansambel \u201eLavantklang\u201c pod vodstvom Anne Kienzer iz Ettendorfa, &hellip; <\/p>\n<p class=\"link-more\"><a href=\"http:\/\/www.kpddrava.at\/?p=23635\" class=\"more-link\"><span class=\"screen-reader-text\">\u201eJesenski koncert\/Original K\u00e4rntner Abend 22.11.2025 Gostilna Hafner\u201c<\/span> weiterlesen<\/a><\/p>\n","protected":false},"author":4,"featured_media":0,"comment_status":"closed","ping_status":"","sticky":false,"template":"","format":"standard","meta":{"ngg_post_thumbnail":0,"footnotes":""},"categories":[1],"tags":[],"class_list":["post-23635","post","type-post","status-publish","format-standard","hentry","category-allgemein"],"_links":{"self":[{"href":"http:\/\/www.kpddrava.at\/index.php?rest_route=\/wp\/v2\/posts\/23635","targetHints":{"allow":["GET"]}}],"collection":[{"href":"http:\/\/www.kpddrava.at\/index.php?rest_route=\/wp\/v2\/posts"}],"about":[{"href":"http:\/\/www.kpddrava.at\/index.php?rest_route=\/wp\/v2\/types\/post"}],"author":[{"embeddable":true,"href":"http:\/\/www.kpddrava.at\/index.php?rest_route=\/wp\/v2\/users\/4"}],"replies":[{"embeddable":true,"href":"http:\/\/www.kpddrava.at\/index.php?rest_route=%2Fwp%2Fv2%2Fcomments&post=23635"}],"version-history":[{"count":2,"href":"http:\/\/www.kpddrava.at\/index.php?rest_route=\/wp\/v2\/posts\/23635\/revisions"}],"predecessor-version":[{"id":23700,"href":"http:\/\/www.kpddrava.at\/index.php?rest_route=\/wp\/v2\/posts\/23635\/revisions\/23700"}],"wp:attachment":[{"href":"http:\/\/www.kpddrava.at\/index.php?rest_route=%2Fwp%2Fv2%2Fmedia&parent=23635"}],"wp:term":[{"taxonomy":"category","embeddable":true,"href":"http:\/\/www.kpddrava.at\/index.php?rest_route=%2Fwp%2Fv2%2Fcategories&post=23635"},{"taxonomy":"post_tag","embeddable":true,"href":"http:\/\/www.kpddrava.at\/index.php?rest_route=%2Fwp%2Fv2%2Ftags&post=23635"}],"curies":[{"name":"wp","href":"https:\/\/api.w.org\/{rel}","templated":true}]}}