{"id":23749,"date":"2025-12-04T10:22:16","date_gmt":"2025-12-04T09:22:16","guid":{"rendered":"http:\/\/www.kpddrava.at\/?p=23749"},"modified":"2025-12-04T10:28:53","modified_gmt":"2025-12-04T09:28:53","slug":"odprtje-zimske-razstave-eroeffnung-der-weihnachtsausstellung-6-12-2025","status":"publish","type":"post","link":"http:\/\/www.kpddrava.at\/?p=23749","title":{"rendered":"Odprtje zimske razstave | Er\u00f6ffnung der Weihnachtsausstellung, 6.12.2025"},"content":{"rendered":"\n<p>V soboto, 6. decembra ob 18. uri bo v prostorih Hi\u0161e kulture potekala otvoritev bo\u017ei\u010dne razstave umetnika Roberta Koch. Umetnika bo predstavila podpredsednica KPD Drava, Victoria Meklin. Za glasbeni okvir poskrbi PIS \u017dvabek. Vsi ste prisr\u010dno vabljeni!<\/p>\n<p>Die diesj\u00e4hrige Weihnachtsausstellung im Kulturhaus Hi\u0161a kulture des jungen K\u00fcnstlers Robert Koch steht unter dem Thema &#8222;Bilder malen &#8211; Bilder schreiben | Slike risati &#8211; slike pisati&#8220;. Wir laden alle herzlich dazu ein.&nbsp;<\/p>\n<p><a href=\"http:\/\/www.kpddrava.at\/wp-content\/uploads\/2025\/12\/Woche.jpg\"><img loading=\"lazy\" decoding=\"async\" class=\"alignnone size-large wp-image-23753\" src=\"http:\/\/www.kpddrava.at\/wp-content\/uploads\/2025\/12\/Woche-1024x544.jpg\" alt=\"\" width=\"525\" height=\"279\" srcset=\"http:\/\/www.kpddrava.at\/wp-content\/uploads\/2025\/12\/Woche-1024x544.jpg 1024w, http:\/\/www.kpddrava.at\/wp-content\/uploads\/2025\/12\/Woche-300x159.jpg 300w, http:\/\/www.kpddrava.at\/wp-content\/uploads\/2025\/12\/Woche-768x408.jpg 768w, http:\/\/www.kpddrava.at\/wp-content\/uploads\/2025\/12\/Woche.jpg 1313w\" sizes=\"auto, (max-width: 525px) 100vw, 525px\" \/><\/a><\/p>\n\n\n\n\n","protected":false},"excerpt":{"rendered":"<p>V soboto, 6. decembra ob 18. uri bo v prostorih Hi\u0161e kulture potekala otvoritev bo\u017ei\u010dne razstave umetnika Roberta Koch. Umetnika bo predstavila podpredsednica KPD Drava, Victoria Meklin. Za glasbeni okvir poskrbi PIS \u017dvabek. Vsi ste prisr\u010dno vabljeni! Die diesj\u00e4hrige Weihnachtsausstellung im Kulturhaus Hi\u0161a kulture des jungen K\u00fcnstlers Robert Koch steht unter dem Thema &#8222;Bilder malen &hellip; <\/p>\n<p class=\"link-more\"><a href=\"http:\/\/www.kpddrava.at\/?p=23749\" class=\"more-link\"><span class=\"screen-reader-text\">\u201eOdprtje zimske razstave | Er\u00f6ffnung der Weihnachtsausstellung, 6.12.2025\u201c<\/span> weiterlesen<\/a><\/p>\n","protected":false},"author":4,"featured_media":23750,"comment_status":"closed","ping_status":"","sticky":false,"template":"","format":"standard","meta":{"ngg_post_thumbnail":0,"footnotes":""},"categories":[1],"tags":[],"class_list":["post-23749","post","type-post","status-publish","format-standard","has-post-thumbnail","hentry","category-allgemein"],"_links":{"self":[{"href":"http:\/\/www.kpddrava.at\/index.php?rest_route=\/wp\/v2\/posts\/23749","targetHints":{"allow":["GET"]}}],"collection":[{"href":"http:\/\/www.kpddrava.at\/index.php?rest_route=\/wp\/v2\/posts"}],"about":[{"href":"http:\/\/www.kpddrava.at\/index.php?rest_route=\/wp\/v2\/types\/post"}],"author":[{"embeddable":true,"href":"http:\/\/www.kpddrava.at\/index.php?rest_route=\/wp\/v2\/users\/4"}],"replies":[{"embeddable":true,"href":"http:\/\/www.kpddrava.at\/index.php?rest_route=%2Fwp%2Fv2%2Fcomments&post=23749"}],"version-history":[{"count":4,"href":"http:\/\/www.kpddrava.at\/index.php?rest_route=\/wp\/v2\/posts\/23749\/revisions"}],"predecessor-version":[{"id":23756,"href":"http:\/\/www.kpddrava.at\/index.php?rest_route=\/wp\/v2\/posts\/23749\/revisions\/23756"}],"wp:featuredmedia":[{"embeddable":true,"href":"http:\/\/www.kpddrava.at\/index.php?rest_route=\/wp\/v2\/media\/23750"}],"wp:attachment":[{"href":"http:\/\/www.kpddrava.at\/index.php?rest_route=%2Fwp%2Fv2%2Fmedia&parent=23749"}],"wp:term":[{"taxonomy":"category","embeddable":true,"href":"http:\/\/www.kpddrava.at\/index.php?rest_route=%2Fwp%2Fv2%2Fcategories&post=23749"},{"taxonomy":"post_tag","embeddable":true,"href":"http:\/\/www.kpddrava.at\/index.php?rest_route=%2Fwp%2Fv2%2Ftags&post=23749"}],"curies":[{"name":"wp","href":"https:\/\/api.w.org\/{rel}","templated":true}]}}