{"id":459,"date":"2013-08-02T18:59:01","date_gmt":"2013-08-02T16:59:01","guid":{"rendered":"http:\/\/www.kpddrava.at\/?p=459"},"modified":"2014-06-14T14:44:17","modified_gmt":"2014-06-14T12:44:17","slug":"25-srecanje-vizarjev-volksmusikantentreffen","status":"publish","type":"post","link":"http:\/\/www.kpddrava.at\/?p=459","title":{"rendered":"25. SRE\u010cANJE VI\u017dARJEV::VOLKSMUSIKANTENTREFFEN"},"content":{"rendered":"<p>Jubilejno 25. Sre\u010danje vi\u017earjev na Svetem mestu se bo letos pri\u010delo v nedeljo, 11. avgusta ob 14. uri nad travniku pod cerkvijo. Das Jubil\u00e4ums-Volksmusikantentreffen findet heuer zum 25. Mal in Heiligenstadt\/Sveto mesto \u0161tatt. Am 11. August um 14h auf der Kirchenwiese.<\/p>\n","protected":false},"excerpt":{"rendered":"<p>Jubilejno 25. Sre\u010danje vi\u017earjev na Svetem mestu se bo letos pri\u010delo v nedeljo, 11. avgusta ob 14. uri nad travniku pod cerkvijo. Das Jubil\u00e4ums-Volksmusikantentreffen findet heuer zum 25. Mal in Heiligenstadt\/Sveto mesto \u0161tatt. Am 11. August um 14h auf der Kirchenwiese.<\/p>\n","protected":false},"author":4,"featured_media":0,"comment_status":"closed","ping_status":"open","sticky":false,"template":"","format":"standard","meta":{"ngg_post_thumbnail":0,"footnotes":""},"categories":[1],"tags":[],"class_list":["post-459","post","type-post","status-publish","format-standard","hentry","category-allgemein"],"_links":{"self":[{"href":"http:\/\/www.kpddrava.at\/index.php?rest_route=\/wp\/v2\/posts\/459","targetHints":{"allow":["GET"]}}],"collection":[{"href":"http:\/\/www.kpddrava.at\/index.php?rest_route=\/wp\/v2\/posts"}],"about":[{"href":"http:\/\/www.kpddrava.at\/index.php?rest_route=\/wp\/v2\/types\/post"}],"author":[{"embeddable":true,"href":"http:\/\/www.kpddrava.at\/index.php?rest_route=\/wp\/v2\/users\/4"}],"replies":[{"embeddable":true,"href":"http:\/\/www.kpddrava.at\/index.php?rest_route=%2Fwp%2Fv2%2Fcomments&post=459"}],"version-history":[{"count":14,"href":"http:\/\/www.kpddrava.at\/index.php?rest_route=\/wp\/v2\/posts\/459\/revisions"}],"predecessor-version":[{"id":536,"href":"http:\/\/www.kpddrava.at\/index.php?rest_route=\/wp\/v2\/posts\/459\/revisions\/536"}],"wp:attachment":[{"href":"http:\/\/www.kpddrava.at\/index.php?rest_route=%2Fwp%2Fv2%2Fmedia&parent=459"}],"wp:term":[{"taxonomy":"category","embeddable":true,"href":"http:\/\/www.kpddrava.at\/index.php?rest_route=%2Fwp%2Fv2%2Fcategories&post=459"},{"taxonomy":"post_tag","embeddable":true,"href":"http:\/\/www.kpddrava.at\/index.php?rest_route=%2Fwp%2Fv2%2Ftags&post=459"}],"curies":[{"name":"wp","href":"https:\/\/api.w.org\/{rel}","templated":true}]}}