{"id":4603,"date":"2015-03-24T10:17:58","date_gmt":"2015-03-24T09:17:58","guid":{"rendered":"http:\/\/www.kpddrava.at\/?p=4603"},"modified":"2015-03-24T10:18:58","modified_gmt":"2015-03-24T09:18:58","slug":"krizev-pot-2015","status":"publish","type":"post","link":"http:\/\/www.kpddrava.at\/?p=4603","title":{"rendered":"KRI\u017dEV POT 2015"},"content":{"rendered":"<p>V nedeljo, 22. marca 2015 je KPD Drava vabilo na Kri\u017eev pot v slovenskem jeziku v farno cerkev na Suhi. Zbirali\u0161\u010de je bilo pri kri\u017eu pri \u0161oli. Slovesnost je vodil \u017eupnik Simon Wutte, postaje smo molili po vasi. \u017dupnik Simon Wutte je NATO razlagal pomen svetnikov v farni cerkvi na Suhi. Kri\u017eevega pota so se udele\u017eili tudi \u017eupan Gerhard Visotschnig, Mirko Borstner, predsednik \u017eupnijskega sveta ter odborniki KPD Drava.<\/p>\n","protected":false},"excerpt":{"rendered":"<p>V nedeljo, 22. marca 2015 je KPD Drava vabilo na Kri\u017eev pot v slovenskem jeziku v farno cerkev na Suhi. Zbirali\u0161\u010de je bilo pri kri\u017eu pri \u0161oli. Slovesnost je vodil \u017eupnik Simon Wutte, postaje smo molili po vasi. \u017dupnik Simon Wutte je NATO razlagal pomen svetnikov v farni cerkvi na Suhi. Kri\u017eevega pota so se &hellip; <\/p>\n<p class=\"link-more\"><a href=\"http:\/\/www.kpddrava.at\/?p=4603\" class=\"more-link\"><span class=\"screen-reader-text\">\u201eKRI\u017dEV POT 2015\u201c<\/span> weiterlesen<\/a><\/p>\n","protected":false},"author":4,"featured_media":4605,"comment_status":"closed","ping_status":"closed","sticky":false,"template":"","format":"standard","meta":{"ngg_post_thumbnail":0,"footnotes":""},"categories":[1],"tags":[],"class_list":["post-4603","post","type-post","status-publish","format-standard","has-post-thumbnail","hentry","category-allgemein"],"_links":{"self":[{"href":"http:\/\/www.kpddrava.at\/index.php?rest_route=\/wp\/v2\/posts\/4603","targetHints":{"allow":["GET"]}}],"collection":[{"href":"http:\/\/www.kpddrava.at\/index.php?rest_route=\/wp\/v2\/posts"}],"about":[{"href":"http:\/\/www.kpddrava.at\/index.php?rest_route=\/wp\/v2\/types\/post"}],"author":[{"embeddable":true,"href":"http:\/\/www.kpddrava.at\/index.php?rest_route=\/wp\/v2\/users\/4"}],"replies":[{"embeddable":true,"href":"http:\/\/www.kpddrava.at\/index.php?rest_route=%2Fwp%2Fv2%2Fcomments&post=4603"}],"version-history":[{"count":1,"href":"http:\/\/www.kpddrava.at\/index.php?rest_route=\/wp\/v2\/posts\/4603\/revisions"}],"predecessor-version":[{"id":4606,"href":"http:\/\/www.kpddrava.at\/index.php?rest_route=\/wp\/v2\/posts\/4603\/revisions\/4606"}],"wp:featuredmedia":[{"embeddable":true,"href":"http:\/\/www.kpddrava.at\/index.php?rest_route=\/wp\/v2\/media\/4605"}],"wp:attachment":[{"href":"http:\/\/www.kpddrava.at\/index.php?rest_route=%2Fwp%2Fv2%2Fmedia&parent=4603"}],"wp:term":[{"taxonomy":"category","embeddable":true,"href":"http:\/\/www.kpddrava.at\/index.php?rest_route=%2Fwp%2Fv2%2Fcategories&post=4603"},{"taxonomy":"post_tag","embeddable":true,"href":"http:\/\/www.kpddrava.at\/index.php?rest_route=%2Fwp%2Fv2%2Ftags&post=4603"}],"curies":[{"name":"wp","href":"https:\/\/api.w.org\/{rel}","templated":true}]}}