{"id":4608,"date":"2015-03-27T16:41:44","date_gmt":"2015-03-27T15:41:44","guid":{"rendered":"http:\/\/www.kpddrava.at\/?p=4608"},"modified":"2015-03-31T16:19:59","modified_gmt":"2015-03-31T14:19:59","slug":"otvoritev-hise-kulture-25-4-2015","status":"publish","type":"post","link":"http:\/\/www.kpddrava.at\/?p=4608","title":{"rendered":"OTVORITEV HI\u0160E KULTURE 25.4.2015"},"content":{"rendered":"<h4><span style=\"color: #993300;\">KPD Drava vabi na otvoritev hi\u0161e kulture v soboto, dne 25. aprila 2015 ob 9. uri.<\/span><\/h4>\n<h4><span style=\"color: #993300;\">Hi\u0161o bosta otvorila zvezni predsednik Heinz Fischer in de\u017eelni glavar Peter Kaiser.<\/span><\/h4>\n<p>Spored:<\/p>\n<p>Otvoritev hi\u0161e<\/p>\n<p>Blagoslovitev hi\u0161e<\/p>\n<p>Razstava Christine Meklin-Sumnitsch<\/p>\n<p>Kulturni spored<\/p>\n<p>&nbsp;<\/p>\n<p>(Slika: Lana Logar)<\/p>\n<p><a href=\"http:\/\/www.kpddrava.at\/wp-content\/uploads\/2015\/03\/hisa-lana2.jpg\"><img loading=\"lazy\" decoding=\"async\" class=\"aligncenter size-large wp-image-4609\" src=\"http:\/\/www.kpddrava.at\/wp-content\/uploads\/2015\/03\/hisa-lana2-1024x683.jpg\" alt=\"hisa-lana2\" width=\"1024\" height=\"683\" srcset=\"http:\/\/www.kpddrava.at\/wp-content\/uploads\/2015\/03\/hisa-lana2-1024x683.jpg 1024w, http:\/\/www.kpddrava.at\/wp-content\/uploads\/2015\/03\/hisa-lana2-300x200.jpg 300w\" sizes=\"auto, (max-width: 767px) 89vw, (max-width: 1000px) 54vw, (max-width: 1071px) 543px, 580px\" \/><\/a><\/p>\n","protected":false},"excerpt":{"rendered":"<p>KPD Drava vabi na otvoritev hi\u0161e kulture v soboto, dne 25. aprila 2015 ob 9. uri. Hi\u0161o bosta otvorila zvezni predsednik Heinz Fischer in de\u017eelni glavar Peter Kaiser. Spored: Otvoritev hi\u0161e Blagoslovitev hi\u0161e Razstava Christine Meklin-Sumnitsch Kulturni spored &nbsp; (Slika: Lana Logar)<\/p>\n","protected":false},"author":4,"featured_media":4609,"comment_status":"closed","ping_status":"closed","sticky":false,"template":"","format":"standard","meta":{"ngg_post_thumbnail":0,"footnotes":""},"categories":[1],"tags":[],"class_list":["post-4608","post","type-post","status-publish","format-standard","has-post-thumbnail","hentry","category-allgemein"],"_links":{"self":[{"href":"http:\/\/www.kpddrava.at\/index.php?rest_route=\/wp\/v2\/posts\/4608","targetHints":{"allow":["GET"]}}],"collection":[{"href":"http:\/\/www.kpddrava.at\/index.php?rest_route=\/wp\/v2\/posts"}],"about":[{"href":"http:\/\/www.kpddrava.at\/index.php?rest_route=\/wp\/v2\/types\/post"}],"author":[{"embeddable":true,"href":"http:\/\/www.kpddrava.at\/index.php?rest_route=\/wp\/v2\/users\/4"}],"replies":[{"embeddable":true,"href":"http:\/\/www.kpddrava.at\/index.php?rest_route=%2Fwp%2Fv2%2Fcomments&post=4608"}],"version-history":[{"count":7,"href":"http:\/\/www.kpddrava.at\/index.php?rest_route=\/wp\/v2\/posts\/4608\/revisions"}],"predecessor-version":[{"id":4619,"href":"http:\/\/www.kpddrava.at\/index.php?rest_route=\/wp\/v2\/posts\/4608\/revisions\/4619"}],"wp:featuredmedia":[{"embeddable":true,"href":"http:\/\/www.kpddrava.at\/index.php?rest_route=\/wp\/v2\/media\/4609"}],"wp:attachment":[{"href":"http:\/\/www.kpddrava.at\/index.php?rest_route=%2Fwp%2Fv2%2Fmedia&parent=4608"}],"wp:term":[{"taxonomy":"category","embeddable":true,"href":"http:\/\/www.kpddrava.at\/index.php?rest_route=%2Fwp%2Fv2%2Fcategories&post=4608"},{"taxonomy":"post_tag","embeddable":true,"href":"http:\/\/www.kpddrava.at\/index.php?rest_route=%2Fwp%2Fv2%2Ftags&post=4608"}],"curies":[{"name":"wp","href":"https:\/\/api.w.org\/{rel}","templated":true}]}}