{"id":4621,"date":"2015-04-07T10:14:09","date_gmt":"2015-04-07T08:14:09","guid":{"rendered":"http:\/\/www.kpddrava.at\/?p=4621"},"modified":"2015-04-07T12:17:22","modified_gmt":"2015-04-07T10:17:22","slug":"otvoritev-hise-kulture","status":"publish","type":"post","link":"http:\/\/www.kpddrava.at\/?p=4621","title":{"rendered":"OTVORITEV HI\u0160E KULTURE"},"content":{"rendered":"<p>25. 4. 2015 &#8211; 9h &#8211; Feierliche Er\u00f6ffnung des Hauses der Kultur durch Bundespr\u00e4sident Dr. Heinz Fischer. Zvezni predsednik Heinz Fischer bo slavnostno odprl novo Hi\u0161o kulture v \u017dvabeku.<\/p>\n<p>Slika: 2008 &#8211; je bil prezident zadnji\u010d na Suhi. Pozdravili so ga med drugimi tudi Oktet Suha ter Tamina in Timna Katz.<\/p>\n<p style=\"text-align: center;\"><a href=\"http:\/\/www.kpddrava.at\/wp-content\/uploads\/2015\/04\/1.jpg\"><img loading=\"lazy\" decoding=\"async\" class=\"aligncenter size-large wp-image-4625\" src=\"http:\/\/www.kpddrava.at\/wp-content\/uploads\/2015\/04\/1-1024x563.jpg\" alt=\"1\" width=\"1024\" height=\"563\" srcset=\"http:\/\/www.kpddrava.at\/wp-content\/uploads\/2015\/04\/1-1024x563.jpg 1024w, http:\/\/www.kpddrava.at\/wp-content\/uploads\/2015\/04\/1-300x165.jpg 300w, http:\/\/www.kpddrava.at\/wp-content\/uploads\/2015\/04\/1.jpg 1982w\" sizes=\"auto, (max-width: 767px) 89vw, (max-width: 1000px) 54vw, (max-width: 1071px) 543px, 580px\" \/><\/a><\/p>\n<p><a href=\"http:\/\/www.kpddrava.at\/wp-content\/uploads\/2015\/04\/letak_hisakulture_zupan.jpg\"><img loading=\"lazy\" decoding=\"async\" class=\"aligncenter size-large wp-image-4622\" src=\"http:\/\/www.kpddrava.at\/wp-content\/uploads\/2015\/04\/letak_hisakulture_zupan-724x1024.jpg\" alt=\"letak_hisakulture.indd\" width=\"724\" height=\"1024\" srcset=\"http:\/\/www.kpddrava.at\/wp-content\/uploads\/2015\/04\/letak_hisakulture_zupan-724x1024.jpg 724w, http:\/\/www.kpddrava.at\/wp-content\/uploads\/2015\/04\/letak_hisakulture_zupan-212x300.jpg 212w\" sizes=\"auto, (max-width: 724px) 100vw, 724px\" \/><\/a><\/p>\n","protected":false},"excerpt":{"rendered":"<p>25. 4. 2015 &#8211; 9h &#8211; Feierliche Er\u00f6ffnung des Hauses der Kultur durch Bundespr\u00e4sident Dr. Heinz Fischer. Zvezni predsednik Heinz Fischer bo slavnostno odprl novo Hi\u0161o kulture v \u017dvabeku. Slika: 2008 &#8211; je bil prezident zadnji\u010d na Suhi. Pozdravili so ga med drugimi tudi Oktet Suha ter Tamina in Timna Katz.<\/p>\n","protected":false},"author":4,"featured_media":4625,"comment_status":"closed","ping_status":"closed","sticky":false,"template":"","format":"standard","meta":{"ngg_post_thumbnail":0,"footnotes":""},"categories":[1],"tags":[],"class_list":["post-4621","post","type-post","status-publish","format-standard","has-post-thumbnail","hentry","category-allgemein"],"_links":{"self":[{"href":"http:\/\/www.kpddrava.at\/index.php?rest_route=\/wp\/v2\/posts\/4621","targetHints":{"allow":["GET"]}}],"collection":[{"href":"http:\/\/www.kpddrava.at\/index.php?rest_route=\/wp\/v2\/posts"}],"about":[{"href":"http:\/\/www.kpddrava.at\/index.php?rest_route=\/wp\/v2\/types\/post"}],"author":[{"embeddable":true,"href":"http:\/\/www.kpddrava.at\/index.php?rest_route=\/wp\/v2\/users\/4"}],"replies":[{"embeddable":true,"href":"http:\/\/www.kpddrava.at\/index.php?rest_route=%2Fwp%2Fv2%2Fcomments&post=4621"}],"version-history":[{"count":6,"href":"http:\/\/www.kpddrava.at\/index.php?rest_route=\/wp\/v2\/posts\/4621\/revisions"}],"predecessor-version":[{"id":4750,"href":"http:\/\/www.kpddrava.at\/index.php?rest_route=\/wp\/v2\/posts\/4621\/revisions\/4750"}],"wp:featuredmedia":[{"embeddable":true,"href":"http:\/\/www.kpddrava.at\/index.php?rest_route=\/wp\/v2\/media\/4625"}],"wp:attachment":[{"href":"http:\/\/www.kpddrava.at\/index.php?rest_route=%2Fwp%2Fv2%2Fmedia&parent=4621"}],"wp:term":[{"taxonomy":"category","embeddable":true,"href":"http:\/\/www.kpddrava.at\/index.php?rest_route=%2Fwp%2Fv2%2Fcategories&post=4621"},{"taxonomy":"post_tag","embeddable":true,"href":"http:\/\/www.kpddrava.at\/index.php?rest_route=%2Fwp%2Fv2%2Ftags&post=4621"}],"curies":[{"name":"wp","href":"https:\/\/api.w.org\/{rel}","templated":true}]}}