{"id":24238,"date":"2026-07-13T12:22:08","date_gmt":"2026-07-13T10:22:08","guid":{"rendered":"https:\/\/www.kpddrava.at\/?p=24238"},"modified":"2026-07-24T08:57:11","modified_gmt":"2026-07-24T06:57:11","slug":"36-srecanje-pri-stiabarju-familienfest-12-07-2026","status":"publish","type":"post","link":"https:\/\/www.kpddrava.at\/?p=24238","title":{"rendered":"36. Sre\u010danje pri \u0160tiabarju\/Familienfest &#8211; 12.07.2026"},"content":{"rendered":"<p><strong> &nbsp; &nbsp;&nbsp; &nbsp;&nbsp;Dru\u017einski praznik na Komeljskem vrhu navdu\u0161il ve\u010d kot 300 obiskovalcev<\/strong><br \/>\nV \u010dudovitem poletnem vremenu so Katoli\u0161ko prosvetno dru\u0161tvo Drava, Skupnost ju\u017enokoro\u0161kih kmetic in kmetov ter \u017divinorejska zadruga za Libu\u010de in okolico pripravili tradicionalni dru\u017einski in poletni praznik na \u0160tiabarjevem travniku na Komeljskem vrhu na pribli\u017eno 1.000 metrih nadmorske vi\u0161ine. Povabilu se je odzvalo ve\u010d kot 300 obiskovalcev s to in onstran dr\u017eavne meje, ki so u\u017eivali v dnevu, polnem dru\u017eenja, kulture in ohranjanja tradicije. Sv. ma\u0161o je daroval vikar Andrej Lampret. Med odli\u010dnimi gosti so bili pod\u017eupan Suhe, Benjamin Male, mestni svetnik v Pliberku Marko Trampu\u0161, ob\u010dinski predstojnik Peter Trampu\u0161, podpredsednik kulturnega dru\u0161tva \u0160entanel, Damijan Merka\u010d,&nbsp; predsednik lovcev Hanzej Kaiser, podjetniki Walter Ferk, Norbert in Gerald Radocha, Hans Piko in Johann Rigelnik, direktor Danilo Katz, vladni svetnik Armin Klatzer, etnolog Engelbert Logar, psiholog \u0160tefan Kramer, kulturni delavec Valentin Kert iz Jamnice ter \u010dastni predsednik KPD Lenart Katz.<br \/>\n<strong>&nbsp; &nbsp; &nbsp; &nbsp; &nbsp;Familienfest am K\u00f6mmelgupf\/Komeljski vrh begeisterte mehr als 300 Besucher<\/strong><br \/>\nBei strahlendem Sommerwetter luden der Kulturverein KPD Drava, die S\u00fcdk\u00e4rntner Bauern und der Viehzuchtverband f\u00fcr Loibach und Umgebung zum traditionellen Familien- und Sommerfest auf die \u0160tiabarwiese am K\u00f6mmelgupf\/Komeljski vrh in rund 1.000 Metern Seeh\u00f6he. Mehr als 300 G\u00e4ste aus K\u00e4rnten und Slowenien folgten der Einladung und genossen einen Tag voller Gemeinschaft, Kultur und gelebter Tradition.<\/p>\n<p>Medijsko zrcalo \/ Medienspiegel:<\/p>\n<ul>\n<li><a href=\"https:\/\/youtu.be\/5SUF5Bnv6AQ\">Dober dan Koro\u0161ka<\/a><\/li>\n<li><a href=\"https:\/\/www.meinbezirk.at\/voelkermarkt\/c-lokales\/mehr-als-300-besucher-feierten-gemeinsam-beim-familienfest_a8798319\">V\u00f6lkermarkter<\/a><\/li>\n<li><a href=\"https:\/\/www.kleinezeitung.at\/artikel\/36902301\/dieses-familienfest-begeisterte-mehr-als-300-besucher\">Kleine Zeitung<\/a>&nbsp; &nbsp;&nbsp;<\/li>\n<\/ul>\n<table class=\"diff is-split-view\" style=\"width: 3px; height: 42px;\">\n<tbody>\n<tr>\n<td style=\"width: 0px;\">&nbsp;<\/td>\n<\/tr>\n<tr style=\"height: 24px;\">\n<td style=\"width: 0px; height: 24px;\">&nbsp;<\/td>\n<td class=\"diff-addedline\" style=\"width: 0px; height: 24px;\">&nbsp;<\/td>\n<\/tr>\n<\/tbody>\n<\/table>\n<p><a href=\"https:\/\/www.kpddrava.at\/wp-content\/uploads\/2026\/07\/KLZ.jpg\"><img loading=\"lazy\" decoding=\"async\" class=\"alignnone wp-image-24246 size-medium\" src=\"https:\/\/www.kpddrava.at\/wp-content\/uploads\/2026\/07\/KLZ-162x300.jpg\" alt=\"\" width=\"162\" height=\"300\" srcset=\"https:\/\/www.kpddrava.at\/wp-content\/uploads\/2026\/07\/KLZ-162x300.jpg 162w, https:\/\/www.kpddrava.at\/wp-content\/uploads\/2026\/07\/KLZ-552x1024.jpg 552w, https:\/\/www.kpddrava.at\/wp-content\/uploads\/2026\/07\/KLZ-768x1424.jpg 768w, https:\/\/www.kpddrava.at\/wp-content\/uploads\/2026\/07\/KLZ-828x1536.jpg 828w, https:\/\/www.kpddrava.at\/wp-content\/uploads\/2026\/07\/KLZ.jpg 874w\" sizes=\"auto, (max-width: 162px) 100vw, 162px\" \/><\/a><a href=\"https:\/\/www.kpddrava.at\/wp-content\/uploads\/2026\/07\/Novice.jpg\"><img loading=\"lazy\" decoding=\"async\" class=\"alignnone wp-image-24247 size-medium\" src=\"https:\/\/www.kpddrava.at\/wp-content\/uploads\/2026\/07\/Novice-300x265.jpg\" alt=\"\" width=\"300\" height=\"265\" srcset=\"https:\/\/www.kpddrava.at\/wp-content\/uploads\/2026\/07\/Novice-300x265.jpg 300w, https:\/\/www.kpddrava.at\/wp-content\/uploads\/2026\/07\/Novice-1024x905.jpg 1024w, https:\/\/www.kpddrava.at\/wp-content\/uploads\/2026\/07\/Novice-768x679.jpg 768w, https:\/\/www.kpddrava.at\/wp-content\/uploads\/2026\/07\/Novice-1536x1358.jpg 1536w, https:\/\/www.kpddrava.at\/wp-content\/uploads\/2026\/07\/Novice.jpg 2048w\" sizes=\"auto, (max-width: 300px) 100vw, 300px\" \/><\/a><a href=\"https:\/\/www.kpddrava.at\/wp-content\/uploads\/2026\/07\/Woche.jpg\"><img loading=\"lazy\" decoding=\"async\" class=\"alignnone wp-image-24252 size-medium\" src=\"https:\/\/www.kpddrava.at\/wp-content\/uploads\/2026\/07\/Woche-235x300.jpg\" alt=\"\" width=\"235\" height=\"300\" srcset=\"https:\/\/www.kpddrava.at\/wp-content\/uploads\/2026\/07\/Woche-235x300.jpg 235w, https:\/\/www.kpddrava.at\/wp-content\/uploads\/2026\/07\/Woche.jpg 609w\" sizes=\"auto, (max-width: 235px) 100vw, 235px\" \/><\/a><\/p>\n<p>&nbsp;<\/p>\nngg_shortcode_0_placeholder\n","protected":false},"excerpt":{"rendered":"<p>&nbsp; &nbsp;&nbsp; &nbsp;&nbsp;Dru\u017einski praznik na Komeljskem vrhu navdu\u0161il ve\u010d kot 300 obiskovalcev V \u010dudovitem poletnem vremenu so Katoli\u0161ko prosvetno dru\u0161tvo Drava, Skupnost ju\u017enokoro\u0161kih kmetic in kmetov ter \u017divinorejska zadruga za Libu\u010de in okolico pripravili tradicionalni dru\u017einski in poletni praznik na \u0160tiabarjevem travniku na Komeljskem vrhu na pribli\u017eno 1.000 metrih nadmorske vi\u0161ine. Povabilu se je odzvalo &hellip; <\/p>\n<p class=\"link-more\"><a href=\"https:\/\/www.kpddrava.at\/?p=24238\" class=\"more-link\"><span class=\"screen-reader-text\">\u201e36. Sre\u010danje pri \u0160tiabarju\/Familienfest &#8211; 12.07.2026\u201c <\/span>weiterlesen<\/a><\/p>\n","protected":false},"author":4,"featured_media":24239,"comment_status":"closed","ping_status":"closed","sticky":false,"template":"","format":"standard","meta":{"ngg_post_thumbnail":0,"footnotes":""},"categories":[1],"tags":[],"class_list":["post-24238","post","type-post","status-publish","format-standard","has-post-thumbnail","hentry","category-allgemein"],"_links":{"self":[{"href":"https:\/\/www.kpddrava.at\/index.php?rest_route=\/wp\/v2\/posts\/24238","targetHints":{"allow":["GET"]}}],"collection":[{"href":"https:\/\/www.kpddrava.at\/index.php?rest_route=\/wp\/v2\/posts"}],"about":[{"href":"https:\/\/www.kpddrava.at\/index.php?rest_route=\/wp\/v2\/types\/post"}],"author":[{"embeddable":true,"href":"https:\/\/www.kpddrava.at\/index.php?rest_route=\/wp\/v2\/users\/4"}],"replies":[{"embeddable":true,"href":"https:\/\/www.kpddrava.at\/index.php?rest_route=%2Fwp%2Fv2%2Fcomments&post=24238"}],"version-history":[{"count":16,"href":"https:\/\/www.kpddrava.at\/index.php?rest_route=\/wp\/v2\/posts\/24238\/revisions"}],"predecessor-version":[{"id":24283,"href":"https:\/\/www.kpddrava.at\/index.php?rest_route=\/wp\/v2\/posts\/24238\/revisions\/24283"}],"wp:featuredmedia":[{"embeddable":true,"href":"https:\/\/www.kpddrava.at\/index.php?rest_route=\/wp\/v2\/media\/24239"}],"wp:attachment":[{"href":"https:\/\/www.kpddrava.at\/index.php?rest_route=%2Fwp%2Fv2%2Fmedia&parent=24238"}],"wp:term":[{"taxonomy":"category","embeddable":true,"href":"https:\/\/www.kpddrava.at\/index.php?rest_route=%2Fwp%2Fv2%2Fcategories&post=24238"},{"taxonomy":"post_tag","embeddable":true,"href":"https:\/\/www.kpddrava.at\/index.php?rest_route=%2Fwp%2Fv2%2Ftags&post=24238"}],"curies":[{"name":"wp","href":"https:\/\/api.w.org\/{rel}","templated":true}]}}